{"id":29698,"date":"2021-11-12T11:46:07","date_gmt":"2021-11-12T11:46:07","guid":{"rendered":"http:\/\/jornalnovametropole.com.br\/wp\/?p=29698"},"modified":"2021-11-12T11:46:07","modified_gmt":"2021-11-12T11:46:07","slug":"sp-chega-a-90-da-populacao-adulta-vacinada","status":"publish","type":"post","link":"https:\/\/jornalnovametropole.com.br\/wp\/sp-chega-a-90-da-populacao-adulta-vacinada\/","title":{"rendered":"SP chega a 90% da popula\u00e7\u00e3o adulta vacinada"},"content":{"rendered":"<p style=\"text-align: center;\"><span style=\"color: #800080;\"><strong>COVID-19<\/strong><\/span><\/p>\n<p style=\"text-align: center;\"><a href=\"http:\/\/jornalnovametropole.com.br\/wp\/wp-content\/uploads\/2021\/11\/6-Ag\u00eancia-Brasil.jpg\"><img loading=\"lazy\" class=\"alignnone  wp-image-29687\" src=\"http:\/\/jornalnovametropole.com.br\/wp\/wp-content\/uploads\/2021\/11\/6-Ag\u00eancia-Brasil-1024x613.jpg\" alt=\"6 - Ag\u00eancia Brasil\" width=\"555\" height=\"332\" srcset=\"https:\/\/jornalnovametropole.com.br\/wp\/wp-content\/uploads\/2021\/11\/6-Ag\u00eancia-Brasil-1024x613.jpg 1024w, https:\/\/jornalnovametropole.com.br\/wp\/wp-content\/uploads\/2021\/11\/6-Ag\u00eancia-Brasil-300x179.jpg 300w, https:\/\/jornalnovametropole.com.br\/wp\/wp-content\/uploads\/2021\/11\/6-Ag\u00eancia-Brasil.jpg 1170w\" sizes=\"(max-width: 555px) 100vw, 555px\" \/><\/a><\/p>\n<p style=\"text-align: center;\">\n<p style=\"text-align: center;\"><strong><span style=\"font-size: 14pt;\">Considerando o total da popula\u00e7\u00e3o do estado, 71% est\u00e3o imunizados<\/span><\/strong><\/p>\n<p>O governo estadual de S\u00e3o Paulo anunciou hoje (10) que 90% da popula\u00e7\u00e3o adulta do estado completou o esquema vacinal contra covid-19 e que tem a maior cobertura do Brasil. Os n\u00fameros atualizados do Vacin\u00f4metro apontam mais de 73,9 milh\u00f5es de doses aplicadas em todo estado. No total, s\u00e3o 37,7 milh\u00f5es aplicadas como primeira dose, 31,7 milh\u00f5es como segunda, 1,7 milh\u00e3o em dose \u00fanica e 3,3 milh\u00f5es de doses adicionais.<\/p>\n<p>Considerando toda a popula\u00e7\u00e3o, 32,9 milh\u00f5es (71%) j\u00e1 receberam duas doses ou a dose \u00fanica, sendo que 84% tomaram pelo menos uma dose. Em termos comparativos j\u00e1 vacinou mais do que pa\u00edses como a Alemanha, Reino Unido, Israel, Estados Unidos, Argentina, al\u00e9m da Uni\u00e3o Europeia, segundo dados do site Our World in Data.<\/p>\n<p>\u201cSP \u00e9 o primeiro estado do Brasil a chegar a 90% da popula\u00e7\u00e3o adulta totalmente vacinada contra a covid-19. Um recorde hist\u00f3rico. O resultado concreto deste esfor\u00e7o coletivo, que tornou S\u00e3o Paulo refer\u00eancia mundial em vacina\u00e7\u00e3o, foi a queda de 93% das mortes por covid-19 entre abril e novembro de 2021 e a redu\u00e7\u00e3o de 10 vezes no n\u00famero de internados pela doen\u00e7a, passando de 31 mil no pico da segunda onda em abril deste ano para menos de 3 mil agora em novembro\u201d, disse o governador Jo\u00e3o Doria.<\/p>\n<p>De acordo com as informa\u00e7\u00f5es do governo estadual, ainda h\u00e1 5,4 milh\u00f5es de pessoas a serem vacinadas com a segunda dose, entre elas 931 mil com a Coronavac, 1,4 milh\u00e3o com a Astrazeneca e 3 milh\u00f5es com a Pfizer. Entre os que mais precisam se vacinar com a segunda dose est\u00e3o os adolescentes entre 12 e 17 anos de idade. Apenas 27% desta popula\u00e7\u00e3o completou o esquema vacinal, sendo que 96% dos adolescentes j\u00e1 tomaram pelo menos uma dose da vacina. Todo este p\u00fablico j\u00e1 ultrapassou as oito semanas de intervalo entre as doses.<\/p>\n<p>A terceira fase da aplica\u00e7\u00e3o da dose adicional est\u00e1 marcada para o per\u00edodo entre os dias 17 e 30 de novembro. Poder\u00e3o se vacinar todos os maiores de 60 anos e os trabalhadores da sa\u00fade que tomaram a segunda dose h\u00e1 pelo menos seis meses, ou seja, no decorrer de todo o m\u00eas de maio de 2020. Nesta etapa, cerca de 1,1 milh\u00e3o de pessoas receber\u00e1 a vacina nos 645 munic\u00edpios do estado.<\/p>\n<p><strong>Balan\u00e7o de casos<\/strong><br \/>\nSegundo o governo estadual, 86% dos munic\u00edpios do estado, o que equivale a 553 prefeituras, n\u00e3o registraram \u00f3bitos por covid-19 na \u00faltima semana. Os n\u00fameros v\u00eam caindo no decorrer das duas \u00faltimas semanas. N\u00e3o houve registro de novas mortes em 497 cidades entre 28 de outubro e 10 de novembro, ou seja, em 77% dos munic\u00edpios.<\/p>\n<p>Na \u00faltima segunda-feira (8), o estado de S\u00e3o Paulo n\u00e3o registrou nenhum \u00f3bito por covid-19. Desde que a primeira morte pelo coronav\u00edrus foi registrada no estado em mar\u00e7o de 2020, este foi o primeiro dia em que n\u00e3o houve nenhum registro de mortes.<\/p>\n<p>De acordo com o governo, S\u00e3o Paulo registra at\u00e9 hoje 4.415.745 casos e 152.538 \u00f3bitos por covid-19. Entre o total de casos, 4.246.199 tiveram a doen\u00e7a e j\u00e1 est\u00e3o recuperados, sendo que 456.583 foram internados e receberam alta hospitalar. H\u00e1 2.948 pacientes internados em todo o territ\u00f3rio, sendo 1.293 em UTIs (Unidades de Terapia Intensiva) e 1.655 em enfermaria. A taxa de ocupa\u00e7\u00e3o dos leitos de UTI no estado nesta quarta \u00e9 de 23,96%.<\/p>\n<p><span style=\"font-size: 10pt; color: #999999;\">Foto: Ag\u00eancia Brasil<\/span><\/p>\n","protected":false},"excerpt":{"rendered":"<p>COVID-19 Considerando o total da popula\u00e7\u00e3o do estado, 71% est\u00e3o imunizados O governo estadual de S\u00e3o Paulo anunciou hoje (10)<\/p>\n","protected":false},"author":4,"featured_media":29687,"comment_status":"closed","ping_status":"closed","sticky":false,"template":"","format":"standard","meta":[],"categories":[3,16],"tags":[5623,6809,2062,891],"_links":{"self":[{"href":"https:\/\/jornalnovametropole.com.br\/wp\/wp-json\/wp\/v2\/posts\/29698"}],"collection":[{"href":"https:\/\/jornalnovametropole.com.br\/wp\/wp-json\/wp\/v2\/posts"}],"about":[{"href":"https:\/\/jornalnovametropole.com.br\/wp\/wp-json\/wp\/v2\/types\/post"}],"author":[{"embeddable":true,"href":"https:\/\/jornalnovametropole.com.br\/wp\/wp-json\/wp\/v2\/users\/4"}],"replies":[{"embeddable":true,"href":"https:\/\/jornalnovametropole.com.br\/wp\/wp-json\/wp\/v2\/comments?post=29698"}],"version-history":[{"count":1,"href":"https:\/\/jornalnovametropole.com.br\/wp\/wp-json\/wp\/v2\/posts\/29698\/revisions"}],"predecessor-version":[{"id":29699,"href":"https:\/\/jornalnovametropole.com.br\/wp\/wp-json\/wp\/v2\/posts\/29698\/revisions\/29699"}],"wp:featuredmedia":[{"embeddable":true,"href":"https:\/\/jornalnovametropole.com.br\/wp\/wp-json\/wp\/v2\/media\/29687"}],"wp:attachment":[{"href":"https:\/\/jornalnovametropole.com.br\/wp\/wp-json\/wp\/v2\/media?parent=29698"}],"wp:term":[{"taxonomy":"category","embeddable":true,"href":"https:\/\/jornalnovametropole.com.br\/wp\/wp-json\/wp\/v2\/categories?post=29698"},{"taxonomy":"post_tag","embeddable":true,"href":"https:\/\/jornalnovametropole.com.br\/wp\/wp-json\/wp\/v2\/tags?post=29698"}],"curies":[{"name":"wp","href":"https:\/\/api.w.org\/{rel}","templated":true}]}}