{"id":29538,"date":"2021-10-08T08:00:29","date_gmt":"2021-10-08T08:00:29","guid":{"rendered":"http:\/\/jornalnovametropole.com.br\/wp\/?p=29538"},"modified":"2021-10-07T18:36:15","modified_gmt":"2021-10-07T18:36:15","slug":"governo-cria-programa-de-resgate","status":"publish","type":"post","link":"https:\/\/jornalnovametropole.com.br\/wp\/governo-cria-programa-de-resgate\/","title":{"rendered":"Governo cria programa de resgate"},"content":{"rendered":"<p style=\"text-align: center;\"><span style=\"color: #800080;\"><strong>FAUNA SILVESTRE<\/strong><\/span><\/p>\n<p style=\"text-align: center;\"><a href=\"http:\/\/jornalnovametropole.com.br\/wp\/wp-content\/uploads\/2021\/10\/10-Fauna.jpg\"><img loading=\"lazy\" class=\"alignnone  wp-image-29526\" src=\"http:\/\/jornalnovametropole.com.br\/wp\/wp-content\/uploads\/2021\/10\/10-Fauna-1024x613.jpg\" alt=\"On\u00c3\u00a7afari \u00e2\u20ac\u201c On\u00c3\u00a7as-pintadas no Pantanal (cr\u00c3\u00a9dito Edu Fragoso)\" width=\"662\" height=\"396\" srcset=\"https:\/\/jornalnovametropole.com.br\/wp\/wp-content\/uploads\/2021\/10\/10-Fauna-1024x613.jpg 1024w, https:\/\/jornalnovametropole.com.br\/wp\/wp-content\/uploads\/2021\/10\/10-Fauna-300x179.jpg 300w, https:\/\/jornalnovametropole.com.br\/wp\/wp-content\/uploads\/2021\/10\/10-Fauna.jpg 1170w\" sizes=\"(max-width: 662px) 100vw, 662px\" \/><\/a><\/p>\n<p style=\"text-align: center;\">\n<p style=\"text-align: center;\"><strong><span style=\"font-size: 14pt;\">Reajuste de 8,89% vem ap\u00f3s 85 dias de pre\u00e7os est\u00e1veis para o combust\u00edvel<\/span><\/strong><\/p>\n<p style=\"text-align: left;\">Portaria do Minist\u00e9rio do Meio Ambiente instituiu o Programa Nacional de Resgate de Fauna Silvestre. O Resgate+ ter\u00e1, entre suas finalidades, a ado\u00e7\u00e3o de medidas visando afugentamento, resgate, atendimento e assist\u00eancia de animais silvestres em situa\u00e7\u00e3o de risco e vulnerabilidade nos seis biomas do pa\u00eds. A portaria foi publicada hoje (6) no Di\u00e1rio Oficial da Uni\u00e3o.<\/p>\n<p style=\"text-align: left;\">O atendimento (prim\u00e1rio e emergencial), citado pela Portaria n\u00ba455, dever\u00e1 ser feito por m\u00e9dico veterin\u00e1rio. Ainda no \u00e2mbito das metas do Resgate+, figuram a redu\u00e7\u00e3o da perda de biodiversidade da fauna em decorr\u00eancia de eventos naturais extremos ou acidentes ambientais causados por a\u00e7\u00e3o humana; e orienta\u00e7\u00e3o da destina\u00e7\u00e3o adequada dos animais atendidos em opera\u00e7\u00f5es de resgate e assist\u00eancia.<\/p>\n<p style=\"text-align: left;\">O programa ser\u00e1 coordenado pela Secretaria de Biodiversidade do Minist\u00e9rio do Meio Ambiente, que buscar\u00e1 articular e desenvolver parcerias com outros \u00f3rg\u00e3os governamentais, o setor privado e a sociedade civil, visando a implementa\u00e7\u00e3o dos seus objetivos e o estabelecimento de regramento pr\u00f3prio relativo aos prazos e condi\u00e7\u00f5es do projeto.<\/p>\n<p><strong>Resgate+<\/strong><br \/>\nPortaria descreve como objetivos estrat\u00e9gicos do Resgate+ a coordena\u00e7\u00e3o e a articula\u00e7\u00e3o visando disponibilizar bases operacionais \u201cestrategicamente localizadas, com pessoal treinado e equipamento espec\u00edfico, para realizar as a\u00e7\u00f5es de afugentamento, resgate, salvamento, assistencialismo e recupera\u00e7\u00e3o de fauna silvestre em situa\u00e7\u00e3o de risco e vulnerabilidade\u201d.<\/p>\n<p style=\"text-align: left;\">Prev\u00ea, ainda, a\u00e7\u00f5es de capacita\u00e7\u00e3o, educa\u00e7\u00e3o e cidadania ambiental; e elabora\u00e7\u00e3o de planos de pronta resposta a desastres e acidentes que afetem a fauna silvestre, al\u00e9m da celebra\u00e7\u00e3o de acordos e parcerias para a operacionaliza\u00e7\u00e3o de atividades.<\/p>\n<p style=\"text-align: left;\">Entre as diretrizes do programa figuram a coopera\u00e7\u00e3o e engajamento dos \u00f3rg\u00e3os integrantes do Sistema Nacional do Meio Ambiente (Sisnama) e o est\u00edmulo ao voluntariado e \u00e0 participa\u00e7\u00e3o do setor privado e da sociedade na implementa\u00e7\u00e3o, custeio e operacionaliza\u00e7\u00e3o de atividades de resgate de fauna silvestre. A portaria entrou em vigor de hoje.<\/p>\n<p style=\"text-align: left;\"><span style=\"color: #999999; font-size: 10pt;\">Foto: on\u00e7afari\/edu fragos<\/span><\/p>\n","protected":false},"excerpt":{"rendered":"<p>FAUNA SILVESTRE Reajuste de 8,89% vem ap\u00f3s 85 dias de pre\u00e7os est\u00e1veis para o combust\u00edvel Portaria do Minist\u00e9rio do Meio<\/p>\n","protected":false},"author":4,"featured_media":29526,"comment_status":"closed","ping_status":"closed","sticky":false,"template":"","format":"standard","meta":[],"categories":[5],"tags":[328,6744,394,6746,6745],"_links":{"self":[{"href":"https:\/\/jornalnovametropole.com.br\/wp\/wp-json\/wp\/v2\/posts\/29538"}],"collection":[{"href":"https:\/\/jornalnovametropole.com.br\/wp\/wp-json\/wp\/v2\/posts"}],"about":[{"href":"https:\/\/jornalnovametropole.com.br\/wp\/wp-json\/wp\/v2\/types\/post"}],"author":[{"embeddable":true,"href":"https:\/\/jornalnovametropole.com.br\/wp\/wp-json\/wp\/v2\/users\/4"}],"replies":[{"embeddable":true,"href":"https:\/\/jornalnovametropole.com.br\/wp\/wp-json\/wp\/v2\/comments?post=29538"}],"version-history":[{"count":1,"href":"https:\/\/jornalnovametropole.com.br\/wp\/wp-json\/wp\/v2\/posts\/29538\/revisions"}],"predecessor-version":[{"id":29539,"href":"https:\/\/jornalnovametropole.com.br\/wp\/wp-json\/wp\/v2\/posts\/29538\/revisions\/29539"}],"wp:featuredmedia":[{"embeddable":true,"href":"https:\/\/jornalnovametropole.com.br\/wp\/wp-json\/wp\/v2\/media\/29526"}],"wp:attachment":[{"href":"https:\/\/jornalnovametropole.com.br\/wp\/wp-json\/wp\/v2\/media?parent=29538"}],"wp:term":[{"taxonomy":"category","embeddable":true,"href":"https:\/\/jornalnovametropole.com.br\/wp\/wp-json\/wp\/v2\/categories?post=29538"},{"taxonomy":"post_tag","embeddable":true,"href":"https:\/\/jornalnovametropole.com.br\/wp\/wp-json\/wp\/v2\/tags?post=29538"}],"curies":[{"name":"wp","href":"https:\/\/api.w.org\/{rel}","templated":true}]}}