{"id":29395,"date":"2021-09-03T08:00:49","date_gmt":"2021-09-03T08:00:49","guid":{"rendered":"http:\/\/jornalnovametropole.com.br\/wp\/?p=29395"},"modified":"2021-09-01T17:50:22","modified_gmt":"2021-09-01T17:50:22","slug":"sp-confirma-primeira-morte-do-estado","status":"publish","type":"post","link":"https:\/\/jornalnovametropole.com.br\/wp\/sp-confirma-primeira-morte-do-estado\/","title":{"rendered":"SP confirma primeira morte do estado"},"content":{"rendered":"<p style=\"text-align: center;\"><strong><span style=\"color: #800080;\">VARIANTE DELTA<\/span><\/strong><\/p>\n<p style=\"text-align: center;\"><a href=\"http:\/\/jornalnovametropole.com.br\/wp\/wp-content\/uploads\/2021\/09\/10-reuters.jpeg\"><img loading=\"lazy\" class=\" size-full wp-image-29385 aligncenter\" src=\"http:\/\/jornalnovametropole.com.br\/wp\/wp-content\/uploads\/2021\/09\/10-reuters.jpeg\" alt=\"10 - reuters\" width=\"771\" height=\"420\" srcset=\"https:\/\/jornalnovametropole.com.br\/wp\/wp-content\/uploads\/2021\/09\/10-reuters.jpeg 771w, https:\/\/jornalnovametropole.com.br\/wp\/wp-content\/uploads\/2021\/09\/10-reuters-300x163.jpeg 300w\" sizes=\"(max-width: 771px) 100vw, 771px\" \/><\/a><span style=\"font-size: 10pt; color: #999999;\">Vacina\u00e7\u00e3o de pessoas acima dos 60 anos e dos imunossuprimidos come\u00e7a no dia 6 de setembro<\/span><\/p>\n<p style=\"text-align: center;\"><span style=\"font-size: 14pt;\"><strong>Mulher de 74 anos, com comorbidade, estava completamente imunizada<\/strong><\/span><\/p>\n<p style=\"text-align: left;\">O estado de S\u00e3o Paulo confirmou, nesta ter\u00e7a-feira (31), a primeira morte causada pela variante Delta do SARS-CoV-2. A v\u00edtima foi uma mulher de 74 anos, com comorbidade, na cidade de Piracicaba, interior do estado. A idosa havia recebido as duas doses da vacina CoronaVac.<\/p>\n<p style=\"text-align: left;\">De acordo com a Secretaria Municipal de Piracicaba, outros cinco casos de infectados com a cepa surgida na \u00cdndia foram confirmados na cidade na segunda-feira (23\/08). Os doentes s\u00e3o dois homens e tr\u00eas mulheres, das idades de 10, 16, 41, 51 e 52 anos. Todos est\u00e3o sendo monitorados pela Vigil\u00e2ncia Epidemiol\u00f3gica Municipal.<\/p>\n<p style=\"text-align: left;\">Devido \u00e0 evolu\u00e7\u00e3o da Delta e da queda da prote\u00e7\u00e3o das vacinas a partir do sexto m\u00eas da imuniza\u00e7\u00e3o, o Minist\u00e9rio da Sa\u00fade j\u00e1 anunciou a aplica\u00e7\u00e3o da terceira dose para idosos acima dos 70 anos e imunodeprimidos, com a Pfizer.<\/p>\n<p style=\"text-align: left;\">O governador Jo\u00e3o D\u00f3ria confirmou que, em S\u00e3o Paulo, a vacina\u00e7\u00e3o de pessoas acima dos 60 anos e dos imunossuprimidos come\u00e7a no dia 6 de setembro. A ordem das aplica\u00e7\u00f5es seguir\u00e1 dos mais velhos para os mais jovens.<\/p>\n<p style=\"text-align: left;\">De acordo com dados do Minist\u00e9rio da Sa\u00fade, o Brasil tem 579.574 \u00f3bitos por covid-19, sendo 61 identificados pela Delta. Dados de ontem mostram que pa\u00eds tinha 1.970 casos de infectados pela variante, no Distrito Federal e em mais 19 estados (Alagoas, Amap\u00e1, Amazonas, Bahia, Cear\u00e1, Esp\u00edrito Santo, Goi\u00e1s, Maranh\u00e3o, Minas Gerais, Par\u00e1, Para\u00edba, Paran\u00e1, Pernambuco, Rio de Janeiro, Rio Grande do Norte, Rio Grande do Sul, Santa Catarina, S\u00e3o Paulo e Tocantins).<\/p>\n<p style=\"text-align: left;\">A primeira morte do Brasil causada pela nova cepa aconteceu no dia 18 de abril, mas foi confirmada pelo Minist\u00e9rio da Sa\u00fade somente no dia 25 de junho. A v\u00edtima foi uma mulher de 42 anos, que estava gr\u00e1vida, no estado do Paran\u00e1, vinda de uma viagem para o Jap\u00e3o. Ela passou por uma ces\u00e1ria de emerg\u00eancia e n\u00e3o resistiu.<\/p>\n<p style=\"text-align: left;\"><span style=\"font-size: 10pt; color: #999999;\">Foto: Reuters<\/span><\/p>\n","protected":false},"excerpt":{"rendered":"<p>VARIANTE DELTA Vacina\u00e7\u00e3o de pessoas acima dos 60 anos e dos imunossuprimidos come\u00e7a no dia 6 de setembro Mulher de<\/p>\n","protected":false},"author":4,"featured_media":29385,"comment_status":"closed","ping_status":"closed","sticky":false,"template":"","format":"standard","meta":[],"categories":[3000,5],"tags":[6682,5588,6571,6680,891,6681],"_links":{"self":[{"href":"https:\/\/jornalnovametropole.com.br\/wp\/wp-json\/wp\/v2\/posts\/29395"}],"collection":[{"href":"https:\/\/jornalnovametropole.com.br\/wp\/wp-json\/wp\/v2\/posts"}],"about":[{"href":"https:\/\/jornalnovametropole.com.br\/wp\/wp-json\/wp\/v2\/types\/post"}],"author":[{"embeddable":true,"href":"https:\/\/jornalnovametropole.com.br\/wp\/wp-json\/wp\/v2\/users\/4"}],"replies":[{"embeddable":true,"href":"https:\/\/jornalnovametropole.com.br\/wp\/wp-json\/wp\/v2\/comments?post=29395"}],"version-history":[{"count":1,"href":"https:\/\/jornalnovametropole.com.br\/wp\/wp-json\/wp\/v2\/posts\/29395\/revisions"}],"predecessor-version":[{"id":29396,"href":"https:\/\/jornalnovametropole.com.br\/wp\/wp-json\/wp\/v2\/posts\/29395\/revisions\/29396"}],"wp:featuredmedia":[{"embeddable":true,"href":"https:\/\/jornalnovametropole.com.br\/wp\/wp-json\/wp\/v2\/media\/29385"}],"wp:attachment":[{"href":"https:\/\/jornalnovametropole.com.br\/wp\/wp-json\/wp\/v2\/media?parent=29395"}],"wp:term":[{"taxonomy":"category","embeddable":true,"href":"https:\/\/jornalnovametropole.com.br\/wp\/wp-json\/wp\/v2\/categories?post=29395"},{"taxonomy":"post_tag","embeddable":true,"href":"https:\/\/jornalnovametropole.com.br\/wp\/wp-json\/wp\/v2\/tags?post=29395"}],"curies":[{"name":"wp","href":"https:\/\/api.w.org\/{rel}","templated":true}]}}