{"id":29307,"date":"2021-08-13T10:52:07","date_gmt":"2021-08-13T10:52:07","guid":{"rendered":"http:\/\/jornalnovametropole.com.br\/wp\/?p=29307"},"modified":"2021-08-13T10:52:07","modified_gmt":"2021-08-13T10:52:07","slug":"ocupacao-por-covid-19-chega-ao-melhor-nivel","status":"publish","type":"post","link":"https:\/\/jornalnovametropole.com.br\/wp\/ocupacao-por-covid-19-chega-ao-melhor-nivel\/","title":{"rendered":"Ocupa\u00e7\u00e3o por covid-19 chega ao melhor n\u00edvel"},"content":{"rendered":"<p style=\"text-align: center;\"><span style=\"font-size: 14pt; color: #800080;\"><strong>UTIS<\/strong><\/span><\/p>\n<p style=\"text-align: center;\"><a href=\"http:\/\/jornalnovametropole.com.br\/wp\/wp-content\/uploads\/2021\/08\/05-Covid.jpg\"><img loading=\"lazy\" class=\"alignnone  wp-image-29301\" src=\"http:\/\/jornalnovametropole.com.br\/wp\/wp-content\/uploads\/2021\/08\/05-Covid-1024x683.jpg\" alt=\"05 - Covid\" width=\"612\" height=\"398\" \/><\/a><\/p>\n<p style=\"text-align: center;\">\n<p style=\"text-align: center;\"><span style=\"font-size: 14pt;\"><strong>Vacina\u00e7\u00e3o contribui para reduzir casos graves da doen\u00e7a, diz boletim<\/strong><\/span><\/p>\n<p>Pela primeira vez desde outubro de 2020, nenhum estado brasileiro est\u00e1 com mais de 80% dos leitos de unidade de terapia intensiva (UTI) para covid-19 ocupados no Sistema \u00danico de Sa\u00fade (SUS). A informa\u00e7\u00e3o foi divulgada hoje (11) pelo Boletim Observat\u00f3rio Covid-19, da Funda\u00e7\u00e3o Oswaldo Cruz (Fiocruz).<\/p>\n<p>Segundo os pesquisadores respons\u00e1veis pelo estudo, o pa\u00eds vive o melhor momento para a ocupa\u00e7\u00e3o de leitos desde que o indicador passou a ser monitorado pelo boletim, em julho do ano passado. Na an\u00e1lise desta semana, eles voltam a destacar que a vacina\u00e7\u00e3o tem feito grande diferen\u00e7a para a redu\u00e7\u00e3o dos casos graves da doen\u00e7a e pedem que o acesso aos imunizantes seja ampliado e acelerado.<\/p>\n<p>\u201cMerece destaque a observa\u00e7\u00e3o de que o cen\u00e1rio de melhora das taxas de ocupa\u00e7\u00e3o de leitos de UTI para adultos no SUS j\u00e1 convive, sem preju\u00edzos, com a redu\u00e7\u00e3o significativa de leitos destinados \u00e0 covid-19 em muitos estados e no Distrito Federal. O gerenciamento desse processo, ainda que exija monitoramento cuidadoso da pandemia, \u00e9 desej\u00e1vel frente aos desafios postos para o sistema de sa\u00fade pelo represamento de demandas por diferentes condi\u00e7\u00f5es de sa\u00fade no decorrer da pandemia\u201d, recomenda o estudo.<\/p>\n<p>O boletim recomenda que seja mantido o alerta quanto \u00e0 possibilidade de variante Delta trazer reveses a esse quadro de melhora. Apesar do cen\u00e1rio favor\u00e1vel, o texto pondera que, \u201cconsiderando que ainda s\u00e3o altos os n\u00edveis de transmiss\u00e3o do v\u00edrus, casos e \u00f3bitos, \u00e9 tamb\u00e9m importante combinar a vacina\u00e7\u00e3o com o uso de m\u00e1scaras e distanciamento f\u00edsico, para manuten\u00e7\u00e3o e avan\u00e7os nos resultados positivos na dire\u00e7\u00e3o do controle da pandemia\u201d.<\/p>\n<p><strong>Zona de alerta<\/strong><br \/>\nQuando mais de 80% das vagas de UTI est\u00e3o ocupadas, o boletim diz que a assist\u00eancia aos casos graves de covid-19 est\u00e1 na zona de alerta cr\u00edtico. O Brasil chegou a ter 25 unidades federativas nessa situa\u00e7\u00e3o simultaneamente, em 15 de mar\u00e7o, quando a pandemia estava no pior momento no pa\u00eds.<\/p>\n<p>No boletim divulgado hoje, com dados reunidos na segunda-feira (9), 21 estados e o Distrito Federal est\u00e3o fora da zona de alerta, com taxas de ocupa\u00e7\u00e3o para covid-19 inferiores a 60%. J\u00e1 na zona de alerta intermedi\u00e1rio, com entre 60% e 80% de ocupa\u00e7\u00e3o, est\u00e3o Goi\u00e1s (78%), Mato Grosso (79%), Rio de Janeiro (67%), Rond\u00f4nia (64%) e Roraima (70%).<\/p>\n<p>No caso dos dois estados da Regi\u00e3o Norte, que antes estavam fora da zona de alerta, a Fiocruz avalia que a eleva\u00e7\u00e3o da taxa se deve \u00e0 redu\u00e7\u00e3o de leitos de UTI covid-19 para adultos no SUS, \u201cprovavelmente em um processo de gerenciamento de leitos frente \u00e0 queda na demanda, e n\u00e3o ao aumento de leitos ocupados\u201d.<\/p>\n<p>Entre as capitais, Goi\u00e2nia (92%) e Rio de Janeiro (97%) est\u00e3o com taxas de ocupa\u00e7\u00e3o na zona de alerta cr\u00edtico, situa\u00e7\u00e3o que se mant\u00e9m h\u00e1 semanas. Por outro lado, 19 capitais est\u00e3o fora da zona de alerta: Rio Branco (12%), Manaus (54%), Bel\u00e9m (44%), Macap\u00e1 (29%), Palmas (53%), Teresina (39%), Fortaleza (53%), Natal (34%), Jo\u00e3o Pessoa (19%), Recife (39%), Macei\u00f3 (25%), Aracaju (43%), Salvador (38%), Belo Horizonte (57%), Vit\u00f3ria (36%), S\u00e3o Paulo (43%), Florian\u00f3polis (31%), Porto Alegre (59%) e Bras\u00edlia (59%). As demais est\u00e3o na zona de alerta intermedi\u00e1rio.<\/p>\n<p><span style=\"font-size: 10pt; color: #999999;\">Foto: divulga\u00e7\u00e3o<\/span><\/p>\n","protected":false},"excerpt":{"rendered":"<p>UTIS Vacina\u00e7\u00e3o contribui para reduzir casos graves da doen\u00e7a, diz boletim Pela primeira vez desde outubro de 2020, nenhum estado<\/p>\n","protected":false},"author":4,"featured_media":29301,"comment_status":"closed","ping_status":"closed","sticky":false,"template":"","format":"standard","meta":[],"categories":[3,16],"tags":[5623,6596,146],"_links":{"self":[{"href":"https:\/\/jornalnovametropole.com.br\/wp\/wp-json\/wp\/v2\/posts\/29307"}],"collection":[{"href":"https:\/\/jornalnovametropole.com.br\/wp\/wp-json\/wp\/v2\/posts"}],"about":[{"href":"https:\/\/jornalnovametropole.com.br\/wp\/wp-json\/wp\/v2\/types\/post"}],"author":[{"embeddable":true,"href":"https:\/\/jornalnovametropole.com.br\/wp\/wp-json\/wp\/v2\/users\/4"}],"replies":[{"embeddable":true,"href":"https:\/\/jornalnovametropole.com.br\/wp\/wp-json\/wp\/v2\/comments?post=29307"}],"version-history":[{"count":1,"href":"https:\/\/jornalnovametropole.com.br\/wp\/wp-json\/wp\/v2\/posts\/29307\/revisions"}],"predecessor-version":[{"id":29308,"href":"https:\/\/jornalnovametropole.com.br\/wp\/wp-json\/wp\/v2\/posts\/29307\/revisions\/29308"}],"wp:featuredmedia":[{"embeddable":true,"href":"https:\/\/jornalnovametropole.com.br\/wp\/wp-json\/wp\/v2\/media\/29301"}],"wp:attachment":[{"href":"https:\/\/jornalnovametropole.com.br\/wp\/wp-json\/wp\/v2\/media?parent=29307"}],"wp:term":[{"taxonomy":"category","embeddable":true,"href":"https:\/\/jornalnovametropole.com.br\/wp\/wp-json\/wp\/v2\/categories?post=29307"},{"taxonomy":"post_tag","embeddable":true,"href":"https:\/\/jornalnovametropole.com.br\/wp\/wp-json\/wp\/v2\/tags?post=29307"}],"curies":[{"name":"wp","href":"https:\/\/api.w.org\/{rel}","templated":true}]}}