{"id":29288,"date":"2021-08-13T09:00:22","date_gmt":"2021-08-13T09:00:22","guid":{"rendered":"http:\/\/jornalnovametropole.com.br\/wp\/?p=29288"},"modified":"2021-08-12T17:08:02","modified_gmt":"2021-08-12T17:08:02","slug":"receitas-praticas-e-muito-saborosas-3","status":"publish","type":"post","link":"https:\/\/jornalnovametropole.com.br\/wp\/receitas-praticas-e-muito-saborosas-3\/","title":{"rendered":"Receitas pr\u00e1ticas e muito saborosas"},"content":{"rendered":"<p style=\"text-align: center;\"><span style=\"font-size: 14pt; color: #800080;\"><strong>SALAD\u00c3O<\/strong><\/span><\/p>\n<p style=\"text-align: center;\"><a href=\"http:\/\/jornalnovametropole.com.br\/wp\/wp-content\/uploads\/2021\/08\/14-Culin\u00e1ria.jpg\"><img loading=\"lazy\" class=\"alignnone size-large wp-image-29289\" src=\"http:\/\/jornalnovametropole.com.br\/wp\/wp-content\/uploads\/2021\/08\/14-Culin\u00e1ria-1024x768.jpg\" alt=\"14 - Culin\u00e1ria\" width=\"485\" height=\"364\" srcset=\"https:\/\/jornalnovametropole.com.br\/wp\/wp-content\/uploads\/2021\/08\/14-Culin\u00e1ria-1024x768.jpg 1024w, https:\/\/jornalnovametropole.com.br\/wp\/wp-content\/uploads\/2021\/08\/14-Culin\u00e1ria-300x225.jpg 300w, https:\/\/jornalnovametropole.com.br\/wp\/wp-content\/uploads\/2021\/08\/14-Culin\u00e1ria.jpg 1280w\" sizes=\"(max-width: 485px) 100vw, 485px\" \/><\/a><\/p>\n<p style=\"text-align: center;\"><span style=\"font-size: 14pt;\"><strong>Receitas f\u00e1ceis e equilibradas s\u00e3o \u00f3timas op\u00e7\u00f5es para o fim de semana<\/strong><\/span><\/p>\n<p>Se voc\u00ea \u00e9 daqueles que adoram inovar na cozinha e ainda provar novas receitas, vai se deliciar com as que o jornal Nova Metr\u00f3pole\u00ae separou:<br \/>\nSalad\u00e3o de legumes com macarr\u00e3o e frango.<\/p>\n<p><span style=\"color: #800080;\"><strong>Ingredientes<\/strong><\/span><br \/>\n\u2022 1 unidade de alho-por\u00f3 em rodelas<br \/>\n\u2022 120g de azeitona preta sem caro\u00e7o em lascas<br \/>\n\u2022 1\/2 molho de cebolinha fresca picada<br \/>\n\u2022 200g de cenoura em rodelas cozida<br \/>\n\u2022 300g de gr\u00e3o de bico cozido<br \/>\n\u2022 120g de macarr\u00e3o gravatinha cozido<br \/>\n\u2022 120g de palmito em conserva picado<br \/>\n\u2022 200g de peito de frango cozido e desfiado<br \/>\n\u2022 1\/2 molho de salsa fresca picada<br \/>\n<span style=\"color: #333333;\">\u2022 200g de vagem francesa cozida e cortada ao meio<\/span><\/p>\n<p><span style=\"color: #800080;\"><strong>Molho:<\/strong><\/span><br \/>\n\u2022 40ml de \u00e1gua<br \/>\n\u2022 10g de alecrim fresco picado<br \/>\n\u2022 20ml de azeite extra virgem<br \/>\n\u2022 300ml de creme de leite fresco<br \/>\n\u2022 40g de mostarda<br \/>\n\u2022 Pimenta-do-reino branca a gosto<br \/>\n\u2022 Sal refinado a gosto<br \/>\n\u2022 20ml de vinagre bals\u00e2mico<\/p>\n<p><span style=\"color: #800080;\"><strong>Modo de preparo<\/strong><\/span><\/p>\n<p>\u2022 Misture com um fuet (batedor) o creme de leite, a \u00e1gua, o vinagre bals\u00e2mico, a mostarda, o azeite, o sal, a pimenta e o alecrim<br \/>\n\u2022 Misture o alho-por\u00f3, a azeitona, a cebolinha, a cenoura, o gr\u00e3o de bico, o macarr\u00e3o, o palmito, o peito de frango, a salsa e a vagem francesa<br \/>\n\u2022 Junte o molho e misture bem<br \/>\n\u2022 Sirva a seguir<\/p>\n<p><span style=\"font-size: 10pt; color: #999999;\">Receita: cris leite\/infoglobo | foto: divulga\u00e7\u00e3o<\/span><\/p>\n","protected":false},"excerpt":{"rendered":"<p>SALAD\u00c3O Receitas f\u00e1ceis e equilibradas s\u00e3o \u00f3timas op\u00e7\u00f5es para o fim de semana Se voc\u00ea \u00e9 daqueles que adoram inovar<\/p>\n","protected":false},"author":4,"featured_media":29289,"comment_status":"closed","ping_status":"closed","sticky":false,"template":"","format":"standard","meta":[],"categories":[117,5],"tags":[2873,6008,6640,1409,3014,3952],"_links":{"self":[{"href":"https:\/\/jornalnovametropole.com.br\/wp\/wp-json\/wp\/v2\/posts\/29288"}],"collection":[{"href":"https:\/\/jornalnovametropole.com.br\/wp\/wp-json\/wp\/v2\/posts"}],"about":[{"href":"https:\/\/jornalnovametropole.com.br\/wp\/wp-json\/wp\/v2\/types\/post"}],"author":[{"embeddable":true,"href":"https:\/\/jornalnovametropole.com.br\/wp\/wp-json\/wp\/v2\/users\/4"}],"replies":[{"embeddable":true,"href":"https:\/\/jornalnovametropole.com.br\/wp\/wp-json\/wp\/v2\/comments?post=29288"}],"version-history":[{"count":1,"href":"https:\/\/jornalnovametropole.com.br\/wp\/wp-json\/wp\/v2\/posts\/29288\/revisions"}],"predecessor-version":[{"id":29290,"href":"https:\/\/jornalnovametropole.com.br\/wp\/wp-json\/wp\/v2\/posts\/29288\/revisions\/29290"}],"wp:featuredmedia":[{"embeddable":true,"href":"https:\/\/jornalnovametropole.com.br\/wp\/wp-json\/wp\/v2\/media\/29289"}],"wp:attachment":[{"href":"https:\/\/jornalnovametropole.com.br\/wp\/wp-json\/wp\/v2\/media?parent=29288"}],"wp:term":[{"taxonomy":"category","embeddable":true,"href":"https:\/\/jornalnovametropole.com.br\/wp\/wp-json\/wp\/v2\/categories?post=29288"},{"taxonomy":"post_tag","embeddable":true,"href":"https:\/\/jornalnovametropole.com.br\/wp\/wp-json\/wp\/v2\/tags?post=29288"}],"curies":[{"name":"wp","href":"https:\/\/api.w.org\/{rel}","templated":true}]}}