{"id":29266,"date":"2021-08-06T12:49:20","date_gmt":"2021-08-06T12:49:20","guid":{"rendered":"http:\/\/jornalnovametropole.com.br\/wp\/?p=29266"},"modified":"2021-08-06T12:49:20","modified_gmt":"2021-08-06T12:49:20","slug":"volta-as-aulas","status":"publish","type":"post","link":"https:\/\/jornalnovametropole.com.br\/wp\/volta-as-aulas\/","title":{"rendered":"Volta \u00e0s aulas"},"content":{"rendered":"<p style=\"text-align: center;\"><span style=\"color: #800080;\"><strong><span style=\"font-size: 12pt;\">COL\u00c9GIO META<\/span><\/strong><\/span><\/p>\n<p style=\"text-align: center;\"><strong><a href=\"http:\/\/jornalnovametropole.com.br\/wp\/wp-content\/uploads\/2021\/08\/2.jpg\"><img loading=\"lazy\" class=\" size-large wp-image-29267 aligncenter\" src=\"http:\/\/jornalnovametropole.com.br\/wp\/wp-content\/uploads\/2021\/08\/2-1024x683.jpg\" alt=\"2\" width=\"485\" height=\"323\" srcset=\"https:\/\/jornalnovametropole.com.br\/wp\/wp-content\/uploads\/2021\/08\/2-1024x683.jpg 1024w, https:\/\/jornalnovametropole.com.br\/wp\/wp-content\/uploads\/2021\/08\/2-300x200.jpg 300w\" sizes=\"(max-width: 485px) 100vw, 485px\" \/><\/a><\/strong><span style=\"color: #999999; font-size: 10pt;\">Ambiente escolar organizado, aconchegante e pronto para a volta \u00e0s aulas: Alunos do 6\u00b0 ano do Ensino Fundamental da Unidade I no primeiro dia de aula do Col\u00e9gio Meta<\/span><\/p>\n<p style=\"text-align: center;\"><strong><span style=\"font-size: 14pt;\">O Col\u00e9gio se preparou para receber nossos alunos, e tamb\u00e9m os\u00a0 novos alunos,\u00a0 desde a Educa\u00e7\u00e3o Infantil ao Ensino M\u00e9dio<\/span><\/strong><\/p>\n<p style=\"text-align: left;\">As f\u00e9rias acabaram! Chegou a t\u00e3o esperada hora de voltarmos para o Col\u00e9gio. E a partir de agora viveremos momentos \u00edmpares, mais que especiais, momentos de supera\u00e7\u00e3o para alguns e de muitas expectativas para todos!<\/p>\n<p style=\"text-align: left;\">Mas ainda n\u00e3o conseguiremos retomar o contato, os abra\u00e7os, o aconchego, ao menos n\u00e3o como faz\u00edamos antes. Continuaremos com os protocolos fundamentalmente importantes para garantir a seguran\u00e7a de todos e a efic\u00e1cia das atividades escolares, tanto presenciais, quanto remotas.<\/p>\n<p style=\"text-align: left;\">E para que tudo ocorra de forma tranquila, cada um de n\u00f3s precisa respeitar os protocolos, sendo assim n\u00e3o teremos problemas e ser\u00e1 motivo de muita alegria podermos retomar as nossas vidas.<\/p>\n<p style=\"text-align: left;\">O Col\u00e9gio Meta, se preparou muito para receber nossos alunos, e tamb\u00e9m os novos alunos, desde a Educa\u00e7\u00e3o Infantil ao Ensino M\u00e9dio. Foi um m\u00eas de muito trabalho para que tudo ficasse pronto e organizado, deixando o ambiente escolar ainda mais aconchegante, algumas reformas aconteceram para que tudo ficasse perfeito!<\/p>\n<p style=\"text-align: left;\">Foi muito emocionante acompanhar a chegada desses alunos, alguns deles n\u00e3o conheciam o espa\u00e7o f\u00edsico do Col\u00e9gio, estavam on-line desde o ano passado. E para as novas fam\u00edlias parceiras queremos dar as boas-vindas, \u00e9 um prazer receb\u00ea-los e ressaltamos nosso compromisso em trabalhar com excel\u00eancia e dedica\u00e7\u00e3o!<\/p>\n<p style=\"text-align: left;\">E como esse Col\u00e9gio n\u00e3o para, no dia 03\/08, realizamos a OBMEP-2021, Olimp\u00edada Brasileira de Matem\u00e1tica, que \u00e9 um projeto nacional dirigido \u00e0s escolas p\u00fablicas e privadas. Essa Olimp\u00edada contou com a participa\u00e7\u00e3o de in\u00fameros alunos, desde o 6\u00bas Anos do Ensino Fundamental II ao Ensino M\u00e9dio.<\/p>\n<p style=\"text-align: left;\">Para conhecer mais sobre as atividades desenvolvidas no Col\u00e9gio, acesse o portal <a href=\"http:\/\/www.colegiometa.com\" target=\"_blank\">www.colegiometa.com<\/a> ou venham nos visitar. A Unidade I est\u00e1 situada na Rua Herm\u00ednio Steffen, n\u00ba 96, Jardim Regina e a Unidade II, na Av. Cel. Ant\u00f4nio Estanislau do Amaral, n\u00ba 1541, Itaici.<\/p>\n<p style=\"text-align: center;\"><a href=\"http:\/\/jornalnovametropole.com.br\/wp\/wp-content\/uploads\/2021\/08\/1.jpg\"><img loading=\"lazy\" class=\"size-large wp-image-29268 aligncenter\" src=\"http:\/\/jornalnovametropole.com.br\/wp\/wp-content\/uploads\/2021\/08\/1-1024x683.jpg\" alt=\"1\" width=\"485\" height=\"323\" srcset=\"https:\/\/jornalnovametropole.com.br\/wp\/wp-content\/uploads\/2021\/08\/1-1024x683.jpg 1024w, https:\/\/jornalnovametropole.com.br\/wp\/wp-content\/uploads\/2021\/08\/1-300x200.jpg 300w\" sizes=\"(max-width: 485px) 100vw, 485px\" \/><\/a><span style=\"font-size: 10pt; color: #999999;\">Protocolos de seguran\u00e7a: Alunas do Fundamental I da Unidade I\u00a0 durante intervalo no primeiro dia de aula do Col\u00e9gio Meta<\/span><\/p>\n<p style=\"text-align: left;\"><span style=\"font-size: 10pt; color: #999999;\">Foto: divulga\u00e7\u00e3o<\/span><\/p>\n<p style=\"text-align: left;\">\n","protected":false},"excerpt":{"rendered":"<p>COL\u00c9GIO META Ambiente escolar organizado, aconchegante e pronto para a volta \u00e0s aulas: Alunos do 6\u00b0 ano do Ensino Fundamental<\/p>\n","protected":false},"author":4,"featured_media":29267,"comment_status":"closed","ping_status":"closed","sticky":false,"template":"","format":"standard","meta":[],"categories":[3,16],"tags":[6219,101,6636],"_links":{"self":[{"href":"https:\/\/jornalnovametropole.com.br\/wp\/wp-json\/wp\/v2\/posts\/29266"}],"collection":[{"href":"https:\/\/jornalnovametropole.com.br\/wp\/wp-json\/wp\/v2\/posts"}],"about":[{"href":"https:\/\/jornalnovametropole.com.br\/wp\/wp-json\/wp\/v2\/types\/post"}],"author":[{"embeddable":true,"href":"https:\/\/jornalnovametropole.com.br\/wp\/wp-json\/wp\/v2\/users\/4"}],"replies":[{"embeddable":true,"href":"https:\/\/jornalnovametropole.com.br\/wp\/wp-json\/wp\/v2\/comments?post=29266"}],"version-history":[{"count":1,"href":"https:\/\/jornalnovametropole.com.br\/wp\/wp-json\/wp\/v2\/posts\/29266\/revisions"}],"predecessor-version":[{"id":29269,"href":"https:\/\/jornalnovametropole.com.br\/wp\/wp-json\/wp\/v2\/posts\/29266\/revisions\/29269"}],"wp:featuredmedia":[{"embeddable":true,"href":"https:\/\/jornalnovametropole.com.br\/wp\/wp-json\/wp\/v2\/media\/29267"}],"wp:attachment":[{"href":"https:\/\/jornalnovametropole.com.br\/wp\/wp-json\/wp\/v2\/media?parent=29266"}],"wp:term":[{"taxonomy":"category","embeddable":true,"href":"https:\/\/jornalnovametropole.com.br\/wp\/wp-json\/wp\/v2\/categories?post=29266"},{"taxonomy":"post_tag","embeddable":true,"href":"https:\/\/jornalnovametropole.com.br\/wp\/wp-json\/wp\/v2\/tags?post=29266"}],"curies":[{"name":"wp","href":"https:\/\/api.w.org\/{rel}","templated":true}]}}