{"id":2908,"date":"2015-04-13T11:47:13","date_gmt":"2015-04-13T11:47:13","guid":{"rendered":"http:\/\/jornalnovametropole.com.br\/wp\/?p=2908"},"modified":"2015-04-13T11:47:13","modified_gmt":"2015-04-13T11:47:13","slug":"inca-recomenda-reducao-do-uso-de-agrotoxicos","status":"publish","type":"post","link":"https:\/\/jornalnovametropole.com.br\/wp\/inca-recomenda-reducao-do-uso-de-agrotoxicos\/","title":{"rendered":"Inca recomenda redu\u00e7\u00e3o do uso de agrot\u00f3xicos"},"content":{"rendered":"<h3>Recomenda\u00e7\u00e3o \u00e9 para preven\u00e7\u00e3o contra o c\u00e2ncer<\/h3>\n<figure id=\"attachment_2909\" aria-describedby=\"caption-attachment-2909\" style=\"width: 746px\" class=\"wp-caption alignnone\"><a href=\"http:\/\/jornalnovametropole.com.br\/wp\/wp-content\/uploads\/2015\/04\/08-Sa\u00fade.jpg\"><img loading=\"lazy\" class=\"size-full wp-image-2909\" src=\"http:\/\/jornalnovametropole.com.br\/wp\/wp-content\/uploads\/2015\/04\/08-Sa\u00fade.jpg\" alt=\"A preocupa\u00e7\u00e3o n\u00e3o pode significar a redu\u00e7\u00e3o do consumo de produtos in natura que s\u00e3o fundamentais em uma alimenta\u00e7\u00e3o saud\u00e1vel\" width=\"746\" height=\"500\" srcset=\"https:\/\/jornalnovametropole.com.br\/wp\/wp-content\/uploads\/2015\/04\/08-Sa\u00fade.jpg 746w, https:\/\/jornalnovametropole.com.br\/wp\/wp-content\/uploads\/2015\/04\/08-Sa\u00fade-300x201.jpg 300w\" sizes=\"(max-width: 746px) 100vw, 746px\" \/><\/a><figcaption id=\"caption-attachment-2909\" class=\"wp-caption-text\">A preocupa\u00e7\u00e3o n\u00e3o pode significar a redu\u00e7\u00e3o do consumo de produtos in natura que s\u00e3o fundamentais em uma alimenta\u00e7\u00e3o saud\u00e1vel<\/figcaption><\/figure>\n<p>O Instituto Nacional de C\u00e2ncer Jos\u00e9 Alencar Gomes da Silva (Inca) se manifestou contra o modo como os agrot\u00f3xicos s\u00e3o utilizados no Brasil e recomendou a redu\u00e7\u00e3o do uso desses produtos. Em um documento de cinco p\u00e1ginas, o instituto ressaltou os riscos dessas subst\u00e2ncias para a sa\u00fade e \u00e0 incid\u00eancia de c\u00e2ncer.<br \/>\n\u201cO modelo de cultivo com o intensivo uso de agrot\u00f3xicos gera malef\u00edcios, como polui\u00e7\u00e3o ambiental e intoxica\u00e7\u00e3o de trabalhadores e da popula\u00e7\u00e3o em geral\u201d, diz o documento, que, al\u00e9m de apontar as intoxica\u00e7\u00f5es causadas imediatamente ap\u00f3s a exposi\u00e7\u00e3o [ao produto], enumera efeitos que aparecem ap\u00f3s anos de exposi\u00e7\u00e3o. \u201cDentre os efeitos associados \u00e0 exposi\u00e7\u00e3o cr\u00f4nica a ingredientes ativos agrot\u00f3xicos podem ser citados infertilidade, impot\u00eancia, abortos, malforma\u00e7\u00f5es, neurotoxicidade, desregula\u00e7\u00e3o hormonal, efeitos sobre o sistema imunol\u00f3gico e c\u00e2ncer\u201d.<br \/>\nA recomenda\u00e7\u00e3o \u00e9 que se adote \u201ca redu\u00e7\u00e3o progressiva e sustentada do uso de agrot\u00f3xicos\u201d, prevista no Programa Nacional de Redu\u00e7\u00e3o do Uso de Agrot\u00f3xicos e a produ\u00e7\u00e3o agroecol\u00f3gica, segundo a Pol\u00edtica Nacional de Agroecologia e Produ\u00e7\u00e3o Org\u00e2nica.<br \/>\nO documento do Inca explica que a presen\u00e7a de agrot\u00f3xicos n\u00e3o se restringe a produtos in natura, como legumes e verduras, existe tamb\u00e9m em alimentos industrializados com ingredientes como trigo, milho e soja. \u201cA preo-<br \/>\ncupa\u00e7\u00e3o com agrot\u00f3xicos n\u00e3o pode significar a redu\u00e7\u00e3o do consumo de frutas, legumes e verduras, que s\u00e3o fundamentais em uma alimenta\u00e7\u00e3o saud\u00e1vel e de grande import\u00e2ncia na preven\u00e7\u00e3o do c\u00e2ncer\u201d.<br \/>\nO coordenador de Ensino do Inca, Luis Felipe Pinto, disse que o Brasil \u00e9 o pa\u00eds para o qual a discuss\u00e3o \u00e9 mais importante, j\u00e1 que \u00e9 o principal consumidor de agrot\u00f3xicos do mundo e tem forte contribui\u00e7\u00e3o da agricultura em sua economia. Segundo ele, o Inca n\u00e3o faz isso por \u2018achismo\u2019 ou por quest\u00e3o ideol\u00f3gica. \u201cSegue as evid\u00eancias cientificas, fruto do trabalho de sua equipe e de cientistas no mundo inteiro\u201d.<br \/>\nLuis Felipe justifica o alerta afirmando que a Organiza\u00e7\u00e3o Mundial da Sa\u00fade e o Inca preveem que, em 2020, o c\u00e2ncer se torne a principal causa de morte no Brasil. Para ele, os efeitos do aumento do uso de agrot\u00f3xicos nos \u00faltimos anos devem se refletir em ainda mais casos da doen\u00e7a em 15 ou 20 anos.<br \/>\nPara o produtor org\u00e2nico Alcimar do Esp\u00edrito Santo, h\u00e1 grande interesse dos agricultores em mudar sua produ\u00e7\u00e3o para org\u00e2nica, mas hesita\u00e7\u00f5es econ\u00f4micas ainda s\u00e3o um entrave. Alcimar classificou a transi\u00e7\u00e3o dif\u00edcil, porque a terra que recebia pesticidas e fertilizantes precisa \u2018descansar\u2019 por um tempo para produzir alimentos livres dessas subst\u00e2ncias.<br \/>\nO nutricionista do Inca F\u00e1bio Gomes destacou que a popula\u00e7\u00e3o que trabalha no campo \u00e9 a mais afetada pelos agrot\u00f3xicos e disse que o consumidor deve incentivar a economia org\u00e2nica. \u201c\u00c9 preciso valorizar os produtos org\u00e2nicos. E tamb\u00e9m interferir e sugerir aos legisladores e tomadores de decis\u00e3o para que eles valorizem a produ\u00e7\u00e3o de alimentos livres de agrot\u00f3xicos, inclusive encarecendo a produ\u00e7\u00e3o dos demais itens\u201d.<\/p>\n","protected":false},"excerpt":{"rendered":"<p>Recomenda\u00e7\u00e3o \u00e9 para preven\u00e7\u00e3o contra o c\u00e2ncer O Instituto Nacional de C\u00e2ncer Jos\u00e9 Alencar Gomes da Silva (Inca) se manifestou<\/p>\n","protected":false},"author":2,"featured_media":2909,"comment_status":"open","ping_status":"open","sticky":false,"template":"","format":"standard","meta":[],"categories":[3],"tags":[206],"_links":{"self":[{"href":"https:\/\/jornalnovametropole.com.br\/wp\/wp-json\/wp\/v2\/posts\/2908"}],"collection":[{"href":"https:\/\/jornalnovametropole.com.br\/wp\/wp-json\/wp\/v2\/posts"}],"about":[{"href":"https:\/\/jornalnovametropole.com.br\/wp\/wp-json\/wp\/v2\/types\/post"}],"author":[{"embeddable":true,"href":"https:\/\/jornalnovametropole.com.br\/wp\/wp-json\/wp\/v2\/users\/2"}],"replies":[{"embeddable":true,"href":"https:\/\/jornalnovametropole.com.br\/wp\/wp-json\/wp\/v2\/comments?post=2908"}],"version-history":[{"count":1,"href":"https:\/\/jornalnovametropole.com.br\/wp\/wp-json\/wp\/v2\/posts\/2908\/revisions"}],"predecessor-version":[{"id":2910,"href":"https:\/\/jornalnovametropole.com.br\/wp\/wp-json\/wp\/v2\/posts\/2908\/revisions\/2910"}],"wp:featuredmedia":[{"embeddable":true,"href":"https:\/\/jornalnovametropole.com.br\/wp\/wp-json\/wp\/v2\/media\/2909"}],"wp:attachment":[{"href":"https:\/\/jornalnovametropole.com.br\/wp\/wp-json\/wp\/v2\/media?parent=2908"}],"wp:term":[{"taxonomy":"category","embeddable":true,"href":"https:\/\/jornalnovametropole.com.br\/wp\/wp-json\/wp\/v2\/categories?post=2908"},{"taxonomy":"post_tag","embeddable":true,"href":"https:\/\/jornalnovametropole.com.br\/wp\/wp-json\/wp\/v2\/tags?post=2908"}],"curies":[{"name":"wp","href":"https:\/\/api.w.org\/{rel}","templated":true}]}}