{"id":29011,"date":"2021-06-25T11:19:18","date_gmt":"2021-06-25T11:19:18","guid":{"rendered":"http:\/\/jornalnovametropole.com.br\/wp\/?p=29011"},"modified":"2021-06-25T11:19:18","modified_gmt":"2021-06-25T11:19:18","slug":"doacoes-e-talentos-de-alunos-marcam-live-do-2-arraia-solidario-do-colegio-meta","status":"publish","type":"post","link":"https:\/\/jornalnovametropole.com.br\/wp\/doacoes-e-talentos-de-alunos-marcam-live-do-2-arraia-solidario-do-colegio-meta\/","title":{"rendered":"Doa\u00e7\u00f5es e talentos de alunos marcam live do  2\u00b0 Arrai\u00e1 Solid\u00e1rio do Col\u00e9gio Meta"},"content":{"rendered":"<p style=\"text-align: center;\"><span style=\"color: #800080;\"><strong>TRADICIONAL FESTA POPULAR<\/strong><\/span><\/p>\n<p style=\"text-align: center;\"><a href=\"http:\/\/jornalnovametropole.com.br\/wp\/wp-content\/uploads\/2021\/06\/Foto_materia.jpg\"><img loading=\"lazy\" class=\" size-large wp-image-29007 aligncenter\" src=\"http:\/\/jornalnovametropole.com.br\/wp\/wp-content\/uploads\/2021\/06\/Foto_materia-1024x683.jpg\" alt=\"Foto_materia\" width=\"485\" height=\"323\" srcset=\"https:\/\/jornalnovametropole.com.br\/wp\/wp-content\/uploads\/2021\/06\/Foto_materia-1024x683.jpg 1024w, https:\/\/jornalnovametropole.com.br\/wp\/wp-content\/uploads\/2021\/06\/Foto_materia-300x200.jpg 300w\" sizes=\"(max-width: 485px) 100vw, 485px\" \/><\/a><\/p>\n<p style=\"text-align: justify;\">Buscando estimular a expressividade e as habilidades art\u00edsticas dos estudantes, o Col\u00e9gio Meta, em Indaiatuba (SP), promoveu o 2\u00ba Arrai\u00e1 Solid\u00e1rio, no \u00faltimo s\u00e1bado (19\/06). Foi uma live em grande estilo, com a especial apresenta\u00e7\u00e3o da dupla Bruno di Marco &amp; Cristiano e do cantor Miguel Salles , aluno do 7\u00b0 ano do Ensino Fundamental, jovem extremamente participativo e talentoso. A transmiss\u00e3o ocorreu pelo Canal do Youtube da escola.<\/p>\n<p>A dupla de professores, Carol Zazeri (Educa\u00e7\u00e3o F\u00edsica) e Renan Gomes (Educa\u00e7\u00e3o Socioemocional) animou a festa at\u00e9 mesmo durante os intervalos das apresenta\u00e7\u00f5es, e a dupla de cantores Bruno di Marco &amp; Cristiano trouxe um incr\u00edvel repert\u00f3rio de m\u00fasicas juninas para agitar o pessoal de casa. A apresenta\u00e7\u00e3o do cantor e aluno do Col\u00e9gio Meta, Miguel Salles, foi de arrepiar e abrilhantou ainda mais o 2\u00b0 Arrai\u00e1 Solid\u00e1rio.<\/p>\n<p>O evento contou ainda com diversas apresenta\u00e7\u00f5es de colaboradores, professores e alunos do Col\u00e9gio, resgatando as origens e principais caracter\u00edsticas dessa tradicional festa popular. Dentre os elementos destacados, uma por\u00e7\u00e3o de Historia e Geografia revelou como surgiu a Festa Junina e como ela acontece, nas cinco regi\u00f5es do Brasil. Uma pitadinha de L\u00edngua Portuguesa resgatou a Literatura de Cordel. Para al\u00e9m da contextualiza\u00e7\u00e3o e valoriza\u00e7\u00e3o cultural, foi criado um mix de dan\u00e7as, culin\u00e1ria e brincadeiras t\u00edpicas.<\/p>\n<p>De acordo com a mantenedora do Col\u00e9gio Meta, Ana Caroline dos Santos Silva, atividades como essas se transformam em viv\u00eancias importantes, \u201cas quais contribuem para a forma\u00e7\u00e3o das crian\u00e7as e jovens do nosso Col\u00e9gio. Al\u00e9m disso, \u00e9 preciso levar alegria \u00e0s fam\u00edlias de nossa Comunidade Escolar e ao p\u00fablico em geral , pois vivemos tempos muito complexos\u201d, ressalta.<\/p>\n<p>Para Ana Paula Mazza Cruz, diretora pedag\u00f3gica do Col\u00e9gio, o evento valoriza a cultura e a Arte popular, proporcionando aos estudantes momentos essenciais de aprendizagem significativa. \u201cOs alunos desenvolvem pesquisas, motivados por seus professores, verdadeiramente imersos na diversidade cultural e tradi\u00e7\u00e3o. Ao criarem suas produ\u00e7\u00f5es expressivas, passam a compreender muito melhor o contexto que envolve a hist\u00f3ria do nosso pa\u00eds\u201d, destaca.<\/p>\n<p>O evento tamb\u00e9m promoveu a empatia e solidariedade, arrecadando leite integral em prol da Vollac ( Volunt\u00e1rios de Apoio no Combate ao C\u00e2ncer), afinal, \u201cajudar \u00e9 nossa meta\u201d, de acordo com o projeto colaborativo das turmas do 7\u00b0 ano do Ensino Fundamental.<\/p>\n<p>Para saber mais, visite o Col\u00e9gio , as matr\u00edculas est\u00e3o abertas! A Unidade I est\u00e1 localizada na Rua Herm\u00ednio Steffen, 96, Jardim Regina, e a Unidade II, na Av. Coronel Estanislau do Amaral, 1541, Itaici, em Indaiatuba.<\/p>\n<p>Mais informa\u00e7\u00f5es sobre a escola podem ser obtidas pelos telefones: (19) 3875-2381\/3016-7758 ( Unidade I) e (19)3816-8457 ( Unidade II), ou pelo site:\u00a0<a href=\"http:\/\/colegiometa.com\">www.colegiometa.com<\/a><\/p>\n<p><span style=\"color: #808080; font-size: 10pt;\">Fotos: divulga\u00e7\u00e3o<\/span><\/p>\n","protected":false},"excerpt":{"rendered":"<p>TRADICIONAL FESTA POPULAR Buscando estimular a expressividade e as habilidades art\u00edsticas dos estudantes, o Col\u00e9gio Meta, em Indaiatuba (SP), promoveu<\/p>\n","protected":false},"author":4,"featured_media":29007,"comment_status":"closed","ping_status":"closed","sticky":false,"template":"","format":"standard","meta":[],"categories":[3,16],"tags":[6219,6549,101,6373,6418],"_links":{"self":[{"href":"https:\/\/jornalnovametropole.com.br\/wp\/wp-json\/wp\/v2\/posts\/29011"}],"collection":[{"href":"https:\/\/jornalnovametropole.com.br\/wp\/wp-json\/wp\/v2\/posts"}],"about":[{"href":"https:\/\/jornalnovametropole.com.br\/wp\/wp-json\/wp\/v2\/types\/post"}],"author":[{"embeddable":true,"href":"https:\/\/jornalnovametropole.com.br\/wp\/wp-json\/wp\/v2\/users\/4"}],"replies":[{"embeddable":true,"href":"https:\/\/jornalnovametropole.com.br\/wp\/wp-json\/wp\/v2\/comments?post=29011"}],"version-history":[{"count":3,"href":"https:\/\/jornalnovametropole.com.br\/wp\/wp-json\/wp\/v2\/posts\/29011\/revisions"}],"predecessor-version":[{"id":29014,"href":"https:\/\/jornalnovametropole.com.br\/wp\/wp-json\/wp\/v2\/posts\/29011\/revisions\/29014"}],"wp:featuredmedia":[{"embeddable":true,"href":"https:\/\/jornalnovametropole.com.br\/wp\/wp-json\/wp\/v2\/media\/29007"}],"wp:attachment":[{"href":"https:\/\/jornalnovametropole.com.br\/wp\/wp-json\/wp\/v2\/media?parent=29011"}],"wp:term":[{"taxonomy":"category","embeddable":true,"href":"https:\/\/jornalnovametropole.com.br\/wp\/wp-json\/wp\/v2\/categories?post=29011"},{"taxonomy":"post_tag","embeddable":true,"href":"https:\/\/jornalnovametropole.com.br\/wp\/wp-json\/wp\/v2\/tags?post=29011"}],"curies":[{"name":"wp","href":"https:\/\/api.w.org\/{rel}","templated":true}]}}