{"id":28954,"date":"2021-06-11T14:44:56","date_gmt":"2021-06-11T14:44:56","guid":{"rendered":"http:\/\/jornalnovametropole.com.br\/wp\/?p=28954"},"modified":"2021-06-11T14:44:56","modified_gmt":"2021-06-11T14:44:56","slug":"selecao-olimpica-vence-servia-por-3-a-0","status":"publish","type":"post","link":"https:\/\/jornalnovametropole.com.br\/wp\/selecao-olimpica-vence-servia-por-3-a-0\/","title":{"rendered":"Sele\u00e7\u00e3o ol\u00edmpica vence S\u00e9rvia por 3 a 0"},"content":{"rendered":"<p style=\"text-align: center;\"><span style=\"font-size: 14pt;\"><strong><span style=\"color: #800080;\">T\u00f3quio 2021<\/span><\/strong><\/span><\/p>\n<p style=\"text-align: center;\"><a href=\"http:\/\/jornalnovametropole.com.br\/wp\/wp-content\/uploads\/2021\/06\/8-sele\u00e7\u00e3o.jpeg\"><img loading=\"lazy\" class=\"alignnone size-full wp-image-28955\" src=\"http:\/\/jornalnovametropole.com.br\/wp\/wp-content\/uploads\/2021\/06\/8-sele\u00e7\u00e3o.jpeg\" alt=\"8 - sele\u00e7\u00e3o\" width=\"548\" height=\"420\" srcset=\"https:\/\/jornalnovametropole.com.br\/wp\/wp-content\/uploads\/2021\/06\/8-sele\u00e7\u00e3o.jpeg 548w, https:\/\/jornalnovametropole.com.br\/wp\/wp-content\/uploads\/2021\/06\/8-sele\u00e7\u00e3o-300x230.jpeg 300w\" sizes=\"(max-width: 548px) 100vw, 548px\" \/><\/a><\/p>\n<p style=\"text-align: center;\"><strong>Amistoso foi realizado no Est\u00e1dio Marakana, em Belgrado, na S\u00e9rvia<\/strong><\/p>\n<p style=\"text-align: justify;\">No \u00faltimo compromisso antes das Olimp\u00edadas de T\u00f3quio, a sele\u00e7\u00e3o brasileira ol\u00edmpica encarou o time sub-21 da S\u00e9rvia em amistoso no Est\u00e1dio Marakana, em Belgrado, nesta ter\u00e7a-feira (8). Com gols de Guilherme Arana, do Atl\u00e9tico Mineiro, e Pedro, do Flamengo, a Canarinho venceu por 3 a 0.<\/p>\n<p style=\"text-align: justify;\">A sele\u00e7\u00e3o brasileira come\u00e7ou a partida criando as melhores chances e criou boas oportunidades com Pedro e Malcom. Enquanto o atacante o Flamengo perdeu boa chance em cabe\u00e7ada ap\u00f3s cobran\u00e7a de escanteio, o jogador do Zenit arriscou de fora da \u00e1rea, mas parou em boa defesa do goleiro Gordic.<\/p>\n<p style=\"text-align: justify;\">Aos 33 minutos, o gol finalmente saiu. Ap\u00f3s boa jogada de Malcom pela direita, Gabriel Menino foi \u00e0 linha de fundo e cruzou na medida na segunda trave para Guilherme Arana. O lateral-esquerdo do Atl\u00e9tico Mineiro chegou batendo de primeira e acertou um lindo chute para abrir o placar.<\/p>\n<p style=\"text-align: justify;\">Aos 39 minutos, um lance pol\u00eamico quase deu ao Brasil o segundo gol. Gabriel Menino cruzou da direita e Malcom se esticou para evitar a sa\u00edda. A bola sobrou para Pedro dentro da pequena \u00e1rea e o camisa 9 acertou o travess\u00e3o. No quique, a bola bateu, segundo a arbitragem, em cima da linha.<\/p>\n<p style=\"text-align: justify;\">O Brasil continuou pressionando a S\u00e9rvia no segundo tempo e quase ampliou com Gabriel Martinelli, depois de belo passe de Claudinho. O jogador do Arsenal, por\u00e9m, mandou para fora em bola que passou rente ao gol do arqueiro Gordic.<\/p>\n<p style=\"text-align: justify;\">Se Martinelli n\u00e3o aproveitou sua chance, Pedro manteve sua boa fase. Aos 29 minutos, Malcom deu lindo passe para o jogador do Flamengo, que limpou o goleiro e ampliou. Dois minutos depois, Arana fez bela jogada pela esquerda, e serviu o camisa 9, que bateu de primeira para fechar a conta.<\/p>\n<p style=\"text-align: justify;\">O pr\u00f3ximo compromisso da Sele\u00e7\u00e3o Brasileira ser\u00e1 j\u00e1 pelas Olimp\u00edadas de T\u00f3quio, no Jap\u00e3o. O Brasil enfrenta a Alemanha no dia 22 de julho, na estreia do Grupo D, em Yokohama. No dia 17 de junho, o t\u00e9cnico Andr\u00e9 Jardine anuncia a lista de convocados.<\/p>\n<p style=\"text-align: justify;\"><span style=\"font-size: 10pt; color: #808080;\">Foto: Lance<\/span><\/p>\n","protected":false},"excerpt":{"rendered":"<p>T\u00f3quio 2021 Amistoso foi realizado no Est\u00e1dio Marakana, em Belgrado, na S\u00e9rvia No \u00faltimo compromisso antes das Olimp\u00edadas de T\u00f3quio,<\/p>\n","protected":false},"author":4,"featured_media":28955,"comment_status":"closed","ping_status":"closed","sticky":false,"template":"","format":"standard","meta":[],"categories":[4,16],"tags":[6096,3580,283,612],"_links":{"self":[{"href":"https:\/\/jornalnovametropole.com.br\/wp\/wp-json\/wp\/v2\/posts\/28954"}],"collection":[{"href":"https:\/\/jornalnovametropole.com.br\/wp\/wp-json\/wp\/v2\/posts"}],"about":[{"href":"https:\/\/jornalnovametropole.com.br\/wp\/wp-json\/wp\/v2\/types\/post"}],"author":[{"embeddable":true,"href":"https:\/\/jornalnovametropole.com.br\/wp\/wp-json\/wp\/v2\/users\/4"}],"replies":[{"embeddable":true,"href":"https:\/\/jornalnovametropole.com.br\/wp\/wp-json\/wp\/v2\/comments?post=28954"}],"version-history":[{"count":1,"href":"https:\/\/jornalnovametropole.com.br\/wp\/wp-json\/wp\/v2\/posts\/28954\/revisions"}],"predecessor-version":[{"id":28956,"href":"https:\/\/jornalnovametropole.com.br\/wp\/wp-json\/wp\/v2\/posts\/28954\/revisions\/28956"}],"wp:featuredmedia":[{"embeddable":true,"href":"https:\/\/jornalnovametropole.com.br\/wp\/wp-json\/wp\/v2\/media\/28955"}],"wp:attachment":[{"href":"https:\/\/jornalnovametropole.com.br\/wp\/wp-json\/wp\/v2\/media?parent=28954"}],"wp:term":[{"taxonomy":"category","embeddable":true,"href":"https:\/\/jornalnovametropole.com.br\/wp\/wp-json\/wp\/v2\/categories?post=28954"},{"taxonomy":"post_tag","embeddable":true,"href":"https:\/\/jornalnovametropole.com.br\/wp\/wp-json\/wp\/v2\/tags?post=28954"}],"curies":[{"name":"wp","href":"https:\/\/api.w.org\/{rel}","templated":true}]}}