{"id":28360,"date":"2021-02-05T11:43:45","date_gmt":"2021-02-05T11:43:45","guid":{"rendered":"http:\/\/jornalnovametropole.com.br\/wp\/?p=28360"},"modified":"2021-02-05T11:43:45","modified_gmt":"2021-02-05T11:43:45","slug":"ponto-facultativo-do-carnaval-e-suspenso","status":"publish","type":"post","link":"https:\/\/jornalnovametropole.com.br\/wp\/ponto-facultativo-do-carnaval-e-suspenso\/","title":{"rendered":"Ponto facultativo do Carnaval \u00e9 suspenso"},"content":{"rendered":"<p><a href=\"http:\/\/jornalnovametropole.com.br\/wp\/wp-content\/uploads\/2021\/02\/18-Feriado.jpg\"><img loading=\"lazy\" class=\"alignnone size-large wp-image-28361\" src=\"http:\/\/jornalnovametropole.com.br\/wp\/wp-content\/uploads\/2021\/02\/18-Feriado-1024x518.jpg\" alt=\"18 - Feriado\" width=\"485\" height=\"245\" srcset=\"https:\/\/jornalnovametropole.com.br\/wp\/wp-content\/uploads\/2021\/02\/18-Feriado-1024x518.jpg 1024w, https:\/\/jornalnovametropole.com.br\/wp\/wp-content\/uploads\/2021\/02\/18-Feriado-300x152.jpg 300w, https:\/\/jornalnovametropole.com.br\/wp\/wp-content\/uploads\/2021\/02\/18-Feriado.jpg 1600w\" sizes=\"(max-width: 485px) 100vw, 485px\" \/><\/a><\/p>\n<p><strong>Servi\u00e7os p\u00fablicos funcionar\u00e3o normalmente nos dias 15, 16 e 17 de fevereiro<\/strong><\/p>\n<p>A Prefeitura de Indaiatuba informa que foi suspenso o ponto facultativo do carnaval no munic\u00edpio, que ocorreria nos dias 15, 16 e 17 (quarta-feira de cinzas) de fevereiro de 2021. O Decreto n\u00ba 14.168, que revoga o inciso II do artigo primeiro do Decreto n\u00ba 14.073, que disp\u00f5e sobre os pontos facultativos para o exerc\u00edcio de 2021, foi publicado na edi\u00e7\u00e3o desta quinta-feira (04) da Imprensa Oficial do Munic\u00edpio.<\/p>\n<p>Sendo assim, todos os servi\u00e7os p\u00fablicos municipais funcionar\u00e3o normalmente nos dias 15, 16 e 17 de fevereiro, incluindo \u00f3rg\u00e3os, funda\u00e7\u00f5es, autarquias, Unidades B\u00e1sicas de Sa\u00fade (UBS) e escolas.<\/p>\n<p>De acordo com o documento, a suspens\u00e3o leva em considera\u00e7\u00e3o a situa\u00e7\u00e3o de pandemia de coronav\u00edrus, que recomenda a n\u00e3o realiza\u00e7\u00e3o de festas e eventos como medida de conten\u00e7\u00e3o da doen\u00e7a.<\/p>\n<p>Em transmiss\u00e3o ao vivo nas redes sociais da Administra\u00e7\u00e3o Municipal nesta quarta-feira (03), o prefeito Nilson Gaspar explicou que a decis\u00e3o foi tomada em conjunto. \u201cTradicionalmente no carnaval as pessoas acabam festejando e se aglomerando, mas ainda estamos vivendo uma pandemia, ent\u00e3o, o momento \u00e9 de prud\u00eancia e responsabilidade. Conversamos com a Associa\u00e7\u00e3o Comercial, que nos pediu esse cancelamento, afinal, j\u00e1 ficamos muito tempo com as atividades econ\u00f4micas paradas ou prejudicadas por conta da pandemia. Al\u00e9m disso, estamos seguindo a resolu\u00e7\u00e3o do Governo do Estado, assim como outros munic\u00edpios da nossa regi\u00e3o\u201d, argumentou.<\/p>\n<p>Apenas os bancos manter\u00e3o as atividades suspensas nos dias 16 e 17 de fevereiro, conforme comunicado emitido pela Febraban (Federa\u00e7\u00e3o Brasileira de Bancos).<\/p>\n<p><span style=\"font-size: 10pt;\">Foto:\u00a0Eliandro Figueira RIC\/PMI<\/span><\/p>\n","protected":false},"excerpt":{"rendered":"<p>Servi\u00e7os p\u00fablicos funcionar\u00e3o normalmente nos dias 15, 16 e 17 de fevereiro A Prefeitura de Indaiatuba informa que foi suspenso<\/p>\n","protected":false},"author":4,"featured_media":28361,"comment_status":"closed","ping_status":"closed","sticky":false,"template":"","format":"standard","meta":[],"categories":[16,5],"tags":[338,6164,6163,6165,6162],"_links":{"self":[{"href":"https:\/\/jornalnovametropole.com.br\/wp\/wp-json\/wp\/v2\/posts\/28360"}],"collection":[{"href":"https:\/\/jornalnovametropole.com.br\/wp\/wp-json\/wp\/v2\/posts"}],"about":[{"href":"https:\/\/jornalnovametropole.com.br\/wp\/wp-json\/wp\/v2\/types\/post"}],"author":[{"embeddable":true,"href":"https:\/\/jornalnovametropole.com.br\/wp\/wp-json\/wp\/v2\/users\/4"}],"replies":[{"embeddable":true,"href":"https:\/\/jornalnovametropole.com.br\/wp\/wp-json\/wp\/v2\/comments?post=28360"}],"version-history":[{"count":2,"href":"https:\/\/jornalnovametropole.com.br\/wp\/wp-json\/wp\/v2\/posts\/28360\/revisions"}],"predecessor-version":[{"id":28363,"href":"https:\/\/jornalnovametropole.com.br\/wp\/wp-json\/wp\/v2\/posts\/28360\/revisions\/28363"}],"wp:featuredmedia":[{"embeddable":true,"href":"https:\/\/jornalnovametropole.com.br\/wp\/wp-json\/wp\/v2\/media\/28361"}],"wp:attachment":[{"href":"https:\/\/jornalnovametropole.com.br\/wp\/wp-json\/wp\/v2\/media?parent=28360"}],"wp:term":[{"taxonomy":"category","embeddable":true,"href":"https:\/\/jornalnovametropole.com.br\/wp\/wp-json\/wp\/v2\/categories?post=28360"},{"taxonomy":"post_tag","embeddable":true,"href":"https:\/\/jornalnovametropole.com.br\/wp\/wp-json\/wp\/v2\/tags?post=28360"}],"curies":[{"name":"wp","href":"https:\/\/api.w.org\/{rel}","templated":true}]}}