{"id":28242,"date":"2020-12-04T08:00:09","date_gmt":"2020-12-04T08:00:09","guid":{"rendered":"http:\/\/jornalnovametropole.com.br\/wp\/?p=28242"},"modified":"2020-12-03T19:38:26","modified_gmt":"2020-12-03T19:38:26","slug":"campanha-alerta-para-perigo-do-cancer-de-pele","status":"publish","type":"post","link":"https:\/\/jornalnovametropole.com.br\/wp\/campanha-alerta-para-perigo-do-cancer-de-pele\/","title":{"rendered":"Campanha alerta para perigo do c\u00e2ncer de pele"},"content":{"rendered":"<p><a href=\"http:\/\/jornalnovametropole.com.br\/wp\/wp-content\/uploads\/2020\/12\/16-Dezembro-laranja-1.jpg\"><img loading=\"lazy\" class=\"alignnone size-large wp-image-28243\" src=\"http:\/\/jornalnovametropole.com.br\/wp\/wp-content\/uploads\/2020\/12\/16-Dezembro-laranja-1-1024x683.jpg\" alt=\"Sunscreen suntan lotion in spray bottle. Young woman in spraying tanning oil on her leg from bottle. Lady is massaging sunscreen lotion while sunbathing at beach. Female model during summer vacation.\" width=\"485\" height=\"323\" srcset=\"https:\/\/jornalnovametropole.com.br\/wp\/wp-content\/uploads\/2020\/12\/16-Dezembro-laranja-1-1024x683.jpg 1024w, https:\/\/jornalnovametropole.com.br\/wp\/wp-content\/uploads\/2020\/12\/16-Dezembro-laranja-1-300x200.jpg 300w\" sizes=\"(max-width: 485px) 100vw, 485px\" \/><\/a><\/p>\n<p><strong>Dezembro Laranja conscientiza a import\u00e2ncia de se proteger do sol<\/strong><\/p>\n<p>C om o fim do ano se aproximando, os dias passam a ser cada vez mais ensolarados e quentes. Por isso, a Sociedade Brasileira de Dermatologia (SBD) come\u00e7a a campanha Dezembro Laranja, que alerta a popula\u00e7\u00e3o para os perigos de se expor ao sol sem a devida prote\u00e7\u00e3o<\/p>\n<p>\u201cO c\u00e2ncer de pele \u00e9 totalmente cur\u00e1vel desde que voc\u00ea descubra bem no come\u00e7o. A fun\u00e7\u00e3o desta campanha \u00e9 instruir a popula\u00e7\u00e3o sobre os riscos do c\u00e2ncer de pele\u201d &#8211; diz Joaquim Mesquita, coordenador da Campanha Nacional de Preven\u00e7\u00e3o ao C\u00e2ncer de Pele, da SBD.<\/p>\n<p>A doen\u00e7a \u00e9 dividida em dois grupos: o melanoma e o n\u00e3o melanoma. No primeiro, o tumor afeta os melan\u00f3citos, c\u00e9lulas respons\u00e1veis por produzir a melanina. Apesar de ser menos incidente (estimativa do Inca \u00e9 de 6.260 casos para este ano), este tipo de c\u00e2ncer \u00e9 mais agressivo e, se n\u00e3o for tratado, pode provocar met\u00e1stase. J\u00e1 o n\u00e3o melanoma, \u00e9 menos agressivo, e mais frequente.<\/p>\n<p>Os homens s\u00e3o os mais afetados por este tipo de c\u00e2ncer justamente por causa da maior exposi\u00e7\u00e3o ao sol sem prote\u00e7\u00e3o. Quanto mais branca a pessoa for, maior \u00e9 o risco de desenvolver a doen\u00e7a.<\/p>\n<p>\u201cAs peles s\u00e3o classificadas em seis fototipos, sendo 1 a branca e 6 a negra. Quem tem os fototipos 1 e 2 est\u00e1 mais propenso a ter c\u00e2ncer de pele. Al\u00e9m disso, quem tem hist\u00f3rico familiar ou pessoal de c\u00e2ncer de pele tem mais risco\u201d &#8211; diz a dermatologista Christiane Gonzaga.<\/p>\n<p>Por isso, ao notar qualquer pinta nova no corpo, a recomenda\u00e7\u00e3o \u00e9 procurar por um dermatologista ou um cl\u00ednico geral.<\/p>\n<p>\u201cAs pessoas devem ficar de olho nas manchas e pintas que j\u00e1 t\u00eam: se aumentaram de tamanho rapidamente, se as bordas ficaram irregulares e borradas, se mudaram de cor ou passaram a ter v\u00e1rias cores. Esses s\u00e3o os sintomas de c\u00e2ncer de pele\u201d &#8211; detalha Murilo Drummond, diretor da Cl\u00ednica Drummon Dermato.<\/p>\n<p><span style=\"font-size: 8pt;\">Texto: Evelin Azevedo\/todo extra | Foto:\u00a0 freepik\u00a0<\/span><\/p>\n","protected":false},"excerpt":{"rendered":"<p>Dezembro Laranja conscientiza a import\u00e2ncia de se proteger do sol C om o fim do ano se aproximando, os dias<\/p>\n","protected":false},"author":4,"featured_media":28243,"comment_status":"closed","ping_status":"closed","sticky":false,"template":"","format":"standard","meta":[],"categories":[16,2882,5],"tags":[646,1360,6089,2275,3033,1307,6088],"_links":{"self":[{"href":"https:\/\/jornalnovametropole.com.br\/wp\/wp-json\/wp\/v2\/posts\/28242"}],"collection":[{"href":"https:\/\/jornalnovametropole.com.br\/wp\/wp-json\/wp\/v2\/posts"}],"about":[{"href":"https:\/\/jornalnovametropole.com.br\/wp\/wp-json\/wp\/v2\/types\/post"}],"author":[{"embeddable":true,"href":"https:\/\/jornalnovametropole.com.br\/wp\/wp-json\/wp\/v2\/users\/4"}],"replies":[{"embeddable":true,"href":"https:\/\/jornalnovametropole.com.br\/wp\/wp-json\/wp\/v2\/comments?post=28242"}],"version-history":[{"count":2,"href":"https:\/\/jornalnovametropole.com.br\/wp\/wp-json\/wp\/v2\/posts\/28242\/revisions"}],"predecessor-version":[{"id":28245,"href":"https:\/\/jornalnovametropole.com.br\/wp\/wp-json\/wp\/v2\/posts\/28242\/revisions\/28245"}],"wp:featuredmedia":[{"embeddable":true,"href":"https:\/\/jornalnovametropole.com.br\/wp\/wp-json\/wp\/v2\/media\/28243"}],"wp:attachment":[{"href":"https:\/\/jornalnovametropole.com.br\/wp\/wp-json\/wp\/v2\/media?parent=28242"}],"wp:term":[{"taxonomy":"category","embeddable":true,"href":"https:\/\/jornalnovametropole.com.br\/wp\/wp-json\/wp\/v2\/categories?post=28242"},{"taxonomy":"post_tag","embeddable":true,"href":"https:\/\/jornalnovametropole.com.br\/wp\/wp-json\/wp\/v2\/tags?post=28242"}],"curies":[{"name":"wp","href":"https:\/\/api.w.org\/{rel}","templated":true}]}}