{"id":28050,"date":"2020-10-16T08:00:48","date_gmt":"2020-10-16T08:00:48","guid":{"rendered":"http:\/\/jornalnovametropole.com.br\/wp\/?p=28050"},"modified":"2020-10-15T19:28:56","modified_gmt":"2020-10-15T19:28:56","slug":"vasco-anuncia-a-contratacao-do-tecnico-portugues-ricardo-sa-pinto-muito-honrado","status":"publish","type":"post","link":"https:\/\/jornalnovametropole.com.br\/wp\/vasco-anuncia-a-contratacao-do-tecnico-portugues-ricardo-sa-pinto-muito-honrado\/","title":{"rendered":"Vasco anuncia a contrata\u00e7\u00e3o do t\u00e9cnico portugu\u00eas Ricardo S\u00e1 Pinto: &#8220;Muito honrado&#8221;"},"content":{"rendered":"<p><a href=\"http:\/\/jornalnovametropole.com.br\/wp\/wp-content\/uploads\/2020\/10\/5-Vasco-Reprodu\u00e7\u00e3o.jpg\"><img loading=\"lazy\" class=\"alignnone size-full wp-image-28051\" src=\"http:\/\/jornalnovametropole.com.br\/wp\/wp-content\/uploads\/2020\/10\/5-Vasco-Reprodu\u00e7\u00e3o.jpg\" alt=\"5 - Vasco Reprodu\u00e7\u00e3o\" width=\"984\" height=\"492\" srcset=\"https:\/\/jornalnovametropole.com.br\/wp\/wp-content\/uploads\/2020\/10\/5-Vasco-Reprodu\u00e7\u00e3o.jpg 984w, https:\/\/jornalnovametropole.com.br\/wp\/wp-content\/uploads\/2020\/10\/5-Vasco-Reprodu\u00e7\u00e3o-300x150.jpg 300w\" sizes=\"(max-width: 984px) 100vw, 984px\" \/><\/a><\/p>\n<p><strong>Aos 48 anos, t\u00e9cnico veste camisa vasca\u00edna com nome de Rom\u00e1rio e assina contrato at\u00e9 o t\u00e9rmino do Brasileir\u00e3o. Ele n\u00e3o comandar\u00e1 o time, domingo, contra o Inter<\/strong><\/p>\n<p>O Vasco anunciou a contrata\u00e7\u00e3o de Ricardo S\u00e1 Pinto como seu novo treinador em comunicado oficial divulgado nesta quarta-feira. O portugu\u00eas de 48 anos, que vestiu uma camisa vasca\u00edna com o nome de Rom\u00e1rio em v\u00eddeo divulgado pelo clube, se disse muito honrado com a oportunidade e chega para substituir Ramon Menezes, demitido do comando da equipe ap\u00f3s a derrota por 3 a 0 para o Bahia pelo Brasileir\u00e3o.<br \/>\nS\u00e1 Pinto estava sem trabalhar desde que deixou o Braga, em dezembro do ano passado. O contrato ser\u00e1 v\u00e1lido at\u00e9 o t\u00e9rmino do Brasileiro, em fevereiro de 2021. Com o novo comandante, que n\u00e3o estar\u00e1 \u00e0 beira do campo contra o Internacional, domingo, em Porto Alegre, chegam tr\u00eas profissionais: o auxiliar Rui Mota, o preparador f\u00edsico Jo\u00e3o Moreira e o analista de desempenho Igor Dias.<br \/>\nEm v\u00eddeo divulgado nas redes sociais, o t\u00e9cnico portugu\u00eas vestiu uma camisa do Vasco com o nome de Rom\u00e1rio. No recado \u00e0 torcida, mostrou confian\u00e7a no trabalho.<br \/>\n&#8211; Como voc\u00eas sabem, foi um grande jogador, hist\u00f3rico n\u00e3o s\u00f3 do Vasco como do futebol mundial. Guardo esta camisa com muito carinho. Estou muito orgulhoso e muito honrado de ser o vosso treinador. Eu e minha equipe t\u00e9cnica estamos muito confiantes no trabalho que vamos desenvolver. Sabemos que a situa\u00e7\u00e3o n\u00e3o \u00e9 ideal, \u00e9 de grande responsabilidade, mas tamb\u00e9m \u00e9 nas dificuldades que se criam grandes oportunidades. Conto com vosso apoio e vosso carinho. J\u00e1 sabem: lutar, lutar, pela vit\u00f3ria. Um grande abra\u00e7o a todos &#8211; disse S\u00e1 Pinto.<br \/>\nNo comunicado, o Vasco n\u00e3o especificou a data de chegada de S\u00e1 Pinto. Ele deve embarcar rumo ao Rio, desde Lisboa, na quinta-feira.<br \/>\nAntes de S\u00e1 Pinto, o Vasco tentou Dorival J\u00fanior e Luiz Felipe Scolari. N\u00e3o houve sucesso nas tratativas.<\/p>\n<p>Foto: Vascodagama<\/p>\n","protected":false},"excerpt":{"rendered":"<p>Aos 48 anos, t\u00e9cnico veste camisa vasca\u00edna com nome de Rom\u00e1rio e assina contrato at\u00e9 o t\u00e9rmino do Brasileir\u00e3o. Ele<\/p>\n","protected":false},"author":4,"featured_media":28051,"comment_status":"closed","ping_status":"closed","sticky":false,"template":"","format":"standard","meta":[],"categories":[3,4,16],"tags":[5980,5978,3580,5979,5977,5976],"_links":{"self":[{"href":"https:\/\/jornalnovametropole.com.br\/wp\/wp-json\/wp\/v2\/posts\/28050"}],"collection":[{"href":"https:\/\/jornalnovametropole.com.br\/wp\/wp-json\/wp\/v2\/posts"}],"about":[{"href":"https:\/\/jornalnovametropole.com.br\/wp\/wp-json\/wp\/v2\/types\/post"}],"author":[{"embeddable":true,"href":"https:\/\/jornalnovametropole.com.br\/wp\/wp-json\/wp\/v2\/users\/4"}],"replies":[{"embeddable":true,"href":"https:\/\/jornalnovametropole.com.br\/wp\/wp-json\/wp\/v2\/comments?post=28050"}],"version-history":[{"count":2,"href":"https:\/\/jornalnovametropole.com.br\/wp\/wp-json\/wp\/v2\/posts\/28050\/revisions"}],"predecessor-version":[{"id":28057,"href":"https:\/\/jornalnovametropole.com.br\/wp\/wp-json\/wp\/v2\/posts\/28050\/revisions\/28057"}],"wp:featuredmedia":[{"embeddable":true,"href":"https:\/\/jornalnovametropole.com.br\/wp\/wp-json\/wp\/v2\/media\/28051"}],"wp:attachment":[{"href":"https:\/\/jornalnovametropole.com.br\/wp\/wp-json\/wp\/v2\/media?parent=28050"}],"wp:term":[{"taxonomy":"category","embeddable":true,"href":"https:\/\/jornalnovametropole.com.br\/wp\/wp-json\/wp\/v2\/categories?post=28050"},{"taxonomy":"post_tag","embeddable":true,"href":"https:\/\/jornalnovametropole.com.br\/wp\/wp-json\/wp\/v2\/tags?post=28050"}],"curies":[{"name":"wp","href":"https:\/\/api.w.org\/{rel}","templated":true}]}}