{"id":27948,"date":"2020-08-17T13:15:43","date_gmt":"2020-08-17T13:15:43","guid":{"rendered":"http:\/\/jornalnovametropole.com.br\/wp\/?p=27948"},"modified":"2020-08-17T13:15:43","modified_gmt":"2020-08-17T13:15:43","slug":"museu-nacional-alerj-autoriza-repasse-de-verbas-para-obras","status":"publish","type":"post","link":"https:\/\/jornalnovametropole.com.br\/wp\/museu-nacional-alerj-autoriza-repasse-de-verbas-para-obras\/","title":{"rendered":"Museu Nacional, Alerj autoriza repasse de verbas para obras"},"content":{"rendered":"<p><a href=\"http:\/\/jornalnovametropole.com.br\/wp\/wp-content\/uploads\/2020\/08\/10-Alerj.jpg\"><img loading=\"lazy\" class=\"alignnone  wp-image-27949\" src=\"http:\/\/jornalnovametropole.com.br\/wp\/wp-content\/uploads\/2020\/08\/10-Alerj-1024x613.jpg\" alt=\"10 - Alerj\" width=\"1112\" height=\"665\" srcset=\"https:\/\/jornalnovametropole.com.br\/wp\/wp-content\/uploads\/2020\/08\/10-Alerj-1024x613.jpg 1024w, https:\/\/jornalnovametropole.com.br\/wp\/wp-content\/uploads\/2020\/08\/10-Alerj-300x179.jpg 300w, https:\/\/jornalnovametropole.com.br\/wp\/wp-content\/uploads\/2020\/08\/10-Alerj.jpg 1170w\" sizes=\"(max-width: 1112px) 100vw, 1112px\" \/><\/a><\/p>\n<p><strong>Reabertura parcial deve acontecer at\u00e9 2022, afirma diretor<\/strong><\/p>\n<p>A Assembleia Legislativa do Rio de Janeiro (Alerj) est\u00e1 autorizada a repassar R$ 20 milh\u00f5es do Fundo Especial do Parlamento Fluminense \u00e0 Universidade Federal do Rio de Janeiro (UFRJ) para revitaliza\u00e7\u00e3o e reforma do Museu Nacional, na Quinta da Boa Vista, em S\u00e3o Crist\u00f3v\u00e3o, zona norte do Rio, destru\u00eddo por um inc\u00eandio no dia 2 de setembro de 2018. A lei foi sancionada pelo governador Wilson Witzel e publicada em edi\u00e7\u00e3o extra do Di\u00e1rio Oficial do Estado da segunda-feira (10). Em setembro de 2018, um inc\u00eandio destruiu o Museu Nacional, que guardava o maior acervo de hist\u00f3ria natural e de antropologia da Am\u00e9rica Latina. A Institui\u00e7\u00e3o \u00e9 uma unidade da UFRJ, a primeira e maior universidade do pa\u00eds que, neste m\u00eas, completa 100 anos.<br \/>\nO repasse ser\u00e1 efetivado com a apresenta\u00e7\u00e3o \u00e0 Alerj de um plano de trabalho executivo, detalhando as a\u00e7\u00f5es e objetivos, al\u00e9m dos itens de despesa e o cronograma de desembolso. A universidade tamb\u00e9m dever\u00e1 se comprometer a divulgar todas essas informa\u00e7\u00f5es online, garantindo a transpar\u00eancia e favorecendo a fiscaliza\u00e7\u00e3o.<br \/>\nA reitora da UFRJ, Denise Carvalho avaliou a import\u00e2ncia dessa doa\u00e7\u00e3o. \u201cA UFRJ agradece muito \u00e0 Alerj, aos parlamentares, na figura do seu presidente, o deputado Andr\u00e9 Ceciliano, pela concess\u00e3o de R$ 20 milh\u00f5es do Fundo Especial do Parlamento Fluminense para a reforma das instala\u00e7\u00f5es do nosso Museu Nacional. \u00c9 muito importante que possamos voltar a mostrar a hist\u00f3ria do Brasil atrav\u00e9s do nosso museu\u201d.<br \/>\nO presidente da Alerj, deputado Andr\u00e9 Ceciliano explicou que o Museu Nacional \u00e9 a mais antiga Institui\u00e7\u00e3o Cient\u00edfica do Brasil e era um dos maiores museus das Am\u00e9ricas. Ele lembrou que o inc\u00eandio destruiu quase todo o acervo da Institui\u00e7\u00e3o. \u201cO museu vem sofrendo com a falta de recursos e ainda n\u00e3o recebeu parte das verbas prometidas por alguns \u00f3rg\u00e3os. O custo estimado para a reconstru\u00e7\u00e3o do pal\u00e1cio \u00e9 de R$ 300 milh\u00f5es, sendo que os valores que a Institui\u00e7\u00e3o recebeu desde a trag\u00e9dia somam cerca de R$ 160 milh\u00f5es, que foram distribu\u00eddos em obras emergenciais do edif\u00edcio, a constru\u00e7\u00e3o de um novo campus acad\u00eamico e administrativo, o resgate do acervo atingido pelo fogo e reformas de outros pr\u00e9dios\u201d, explicou.<br \/>\nDe acordo com o diretor do Museu, Alexander Kellner, o projeto inicial j\u00e1 foi enviado para a Alerj e aprovado. \u201cFelizmente, tudo est\u00e1 tramitando como esperado. S\u00f3 precisamos acertar o detalhamento de como vamos utilizar os recursos e como ser\u00e1 feita a arqueologia do Museu durante as obras. Muita gente n\u00e3o se d\u00e1 conta, mas ele \u00e9 um site arqueol\u00f3gico. Toda vez que se faz uma escava\u00e7\u00e3o no espa\u00e7o \u00e9 necess\u00e1rio que tenham arque\u00f3logos no local. Quando fecharmos esses pontos, vamos encaminhar o projeto ao Parlamento e come\u00e7ar o processo licitat\u00f3rio\u201d, explicou.<br \/>\nPara Kellner, com a chegada desse aporte ser\u00e1 poss\u00edvel come\u00e7ar as obras de restaura\u00e7\u00e3o da fachada e dos telhados ainda esse ano. \u201c\u00c9 justamente com essa verba da Alerj que a gente chega perto da metade da nossa necessidade. Temos certeza de que esse exemplo do Parlamento Fluminense ser\u00e1 seguido por outras Institui\u00e7\u00f5es\u201d, afirmou o diretor.<br \/>\nO diretor tamb\u00e9m antecipou que o Museu dever\u00e1 ser reaberto parcialmente em 2022, quando se comemora os 200 anos de Independ\u00eancia do Brasil. \u201c\u00c9 inconceb\u00edvel n\u00e3o termos aberto pelo menos parte do local onde tudo aconteceu. Vamos trabalhar para isso e a nossa proje\u00e7\u00e3o de abertura definitiva e total est\u00e1 para programada 2025\u201d, revelou Kellner.<\/p>\n<p><span style=\"font-size: 8pt;\">Ag\u00eancia Brasil<\/span><\/p>\n","protected":false},"excerpt":{"rendered":"<p>Reabertura parcial deve acontecer at\u00e9 2022, afirma diretor A Assembleia Legislativa do Rio de Janeiro (Alerj) est\u00e1 autorizada a repassar<\/p>\n","protected":false},"author":4,"featured_media":27949,"comment_status":"closed","ping_status":"closed","sticky":false,"template":"","format":"standard","meta":[],"categories":[3],"tags":[5929,5928],"_links":{"self":[{"href":"https:\/\/jornalnovametropole.com.br\/wp\/wp-json\/wp\/v2\/posts\/27948"}],"collection":[{"href":"https:\/\/jornalnovametropole.com.br\/wp\/wp-json\/wp\/v2\/posts"}],"about":[{"href":"https:\/\/jornalnovametropole.com.br\/wp\/wp-json\/wp\/v2\/types\/post"}],"author":[{"embeddable":true,"href":"https:\/\/jornalnovametropole.com.br\/wp\/wp-json\/wp\/v2\/users\/4"}],"replies":[{"embeddable":true,"href":"https:\/\/jornalnovametropole.com.br\/wp\/wp-json\/wp\/v2\/comments?post=27948"}],"version-history":[{"count":1,"href":"https:\/\/jornalnovametropole.com.br\/wp\/wp-json\/wp\/v2\/posts\/27948\/revisions"}],"predecessor-version":[{"id":27950,"href":"https:\/\/jornalnovametropole.com.br\/wp\/wp-json\/wp\/v2\/posts\/27948\/revisions\/27950"}],"wp:featuredmedia":[{"embeddable":true,"href":"https:\/\/jornalnovametropole.com.br\/wp\/wp-json\/wp\/v2\/media\/27949"}],"wp:attachment":[{"href":"https:\/\/jornalnovametropole.com.br\/wp\/wp-json\/wp\/v2\/media?parent=27948"}],"wp:term":[{"taxonomy":"category","embeddable":true,"href":"https:\/\/jornalnovametropole.com.br\/wp\/wp-json\/wp\/v2\/categories?post=27948"},{"taxonomy":"post_tag","embeddable":true,"href":"https:\/\/jornalnovametropole.com.br\/wp\/wp-json\/wp\/v2\/tags?post=27948"}],"curies":[{"name":"wp","href":"https:\/\/api.w.org\/{rel}","templated":true}]}}