{"id":27842,"date":"2020-07-24T09:27:31","date_gmt":"2020-07-24T09:27:31","guid":{"rendered":"http:\/\/jornalnovametropole.com.br\/wp\/?p=27842"},"modified":"2020-07-24T13:29:26","modified_gmt":"2020-07-24T13:29:26","slug":"materia-mp-94220-segue-para-analise-do-senado","status":"publish","type":"post","link":"https:\/\/jornalnovametropole.com.br\/wp\/materia-mp-94220-segue-para-analise-do-senado\/","title":{"rendered":"Mat\u00e9ria MP 942\/20 segue para an\u00e1lise do Senado"},"content":{"rendered":"<h3><a href=\"http:\/\/jornalnovametropole.com.br\/wp\/wp-content\/uploads\/2020\/07\/08-C\u00e2mara.jpg\"><img loading=\"lazy\" class=\"alignnone size-large wp-image-27843\" src=\"http:\/\/jornalnovametropole.com.br\/wp\/wp-content\/uploads\/2020\/07\/08-C\u00e2mara-1024x613.jpg\" alt=\"08 - C\u00e2mara\" width=\"485\" height=\"290\" srcset=\"https:\/\/jornalnovametropole.com.br\/wp\/wp-content\/uploads\/2020\/07\/08-C\u00e2mara-1024x613.jpg 1024w, https:\/\/jornalnovametropole.com.br\/wp\/wp-content\/uploads\/2020\/07\/08-C\u00e2mara-300x179.jpg 300w, https:\/\/jornalnovametropole.com.br\/wp\/wp-content\/uploads\/2020\/07\/08-C\u00e2mara.jpg 1170w\" sizes=\"(max-width: 485px) 100vw, 485px\" \/><\/a><\/h3>\n<h3><strong>Aprovado cr\u00e9dito extraordin\u00e1rio de R$639 milh\u00f5es\u00a0<\/strong><\/h3>\n<p>O plen\u00e1rio da C\u00e2mara dos Deputados aprovou na quarta-feira (22) a Medida Provis\u00f3ria (MP) 942\/20 que destinou cr\u00e9dito extraordin\u00e1rio de aproximadamente R$ 639 milh\u00f5es para a Presid\u00eancia da Rep\u00fablica e dos Minist\u00e9rios da Educa\u00e7\u00e3o, da Justi\u00e7a e Seguran\u00e7a P\u00fablica, e da Mulher, da Fam\u00edlia e dos Direitos Humanos. De acordo com o texto, os recursos devem ser usados em a\u00e7\u00f5es de enfrentamento da pandemia do Coronav\u00edrus (Covid-19). A mat\u00e9ria agora segue para an\u00e1lise do Senado.<br \/>\nOs recursos para atendimento da MP, decorrem de cancelamento parcial de programa\u00e7\u00f5es or\u00e7ament\u00e1rias do Minist\u00e9rio da Educa\u00e7\u00e3o, derivadas do cancelamento de Emendas do relator-geral do Or\u00e7amento de 2020, deputado Domingos Neto (PSD-CE).<br \/>\nAo justificar o pedido, o governo federal disse que a necessidade de realocar recursos se deve em raz\u00e3o do aumento exponencial dos casos de infec\u00e7\u00e3o humana pelo novo Coronav\u00edrus, \u201cque imp\u00f5e a necessidade da ado\u00e7\u00e3o de diversas a\u00e7\u00f5es emergenciais em diferentes frentes do Governo, com o prop\u00f3sito de prestar assist\u00eancia e prover as ferramentas necess\u00e1rias \u00e0 preven\u00e7\u00e3o, conten\u00e7\u00e3o e combate aos danos e agravos \u00e0 popula\u00e7\u00e3o em decorr\u00eancia da pandemia global.<br \/>\nOs recursos ser\u00e3o destinados entre outros \u00f3rg\u00e3os, para a Secretaria Especial de Comunica\u00e7\u00e3o Social, a Pol\u00edcia Rodovi\u00e1rio Federal, a For\u00e7a Nacional de Seguran\u00e7a, a Funda\u00e7\u00e3o Nacional do \u00cdndio, al\u00e9m de universidades e hospitais universit\u00e1rios.<br \/>\nEntre as a\u00e7\u00f5es que devem receber os recursos est\u00e3o a produ\u00e7\u00e3o de agentes de limpeza e desinfetantes, como o \u00e1lcool gel; manuten\u00e7\u00e3o de equipamentos m\u00e9dicos que se encontravam inoperantes nos hospitais universit\u00e1rios federais; compra de equipamentos de prote\u00e7\u00e3o individual, aquisi\u00e7\u00e3o de equipamentos para testes laboratoriais, atendimento \u00e0s comunidades ind\u00edgenas devido \u00e0s a\u00e7\u00f5es de combate \u00e0 pandemia; no refor\u00e7o na \u00e1rea de seguran\u00e7a, al\u00e9m de campanhas de informa\u00e7\u00e3o para a popula\u00e7\u00e3o.<\/p>\n<p><span style=\"font-size: 8pt;\"><em>Foto\u00a0Ag\u00eancia senado<\/em><\/span><\/p>\n","protected":false},"excerpt":{"rendered":"<p>Aprovado cr\u00e9dito extraordin\u00e1rio de R$639 milh\u00f5es\u00a0 O plen\u00e1rio da C\u00e2mara dos Deputados aprovou na quarta-feira (22) a Medida Provis\u00f3ria (MP)<\/p>\n","protected":false},"author":3,"featured_media":27843,"comment_status":"closed","ping_status":"closed","sticky":false,"template":"","format":"standard","meta":[],"categories":[3],"tags":[5901],"_links":{"self":[{"href":"https:\/\/jornalnovametropole.com.br\/wp\/wp-json\/wp\/v2\/posts\/27842"}],"collection":[{"href":"https:\/\/jornalnovametropole.com.br\/wp\/wp-json\/wp\/v2\/posts"}],"about":[{"href":"https:\/\/jornalnovametropole.com.br\/wp\/wp-json\/wp\/v2\/types\/post"}],"author":[{"embeddable":true,"href":"https:\/\/jornalnovametropole.com.br\/wp\/wp-json\/wp\/v2\/users\/3"}],"replies":[{"embeddable":true,"href":"https:\/\/jornalnovametropole.com.br\/wp\/wp-json\/wp\/v2\/comments?post=27842"}],"version-history":[{"count":1,"href":"https:\/\/jornalnovametropole.com.br\/wp\/wp-json\/wp\/v2\/posts\/27842\/revisions"}],"predecessor-version":[{"id":27844,"href":"https:\/\/jornalnovametropole.com.br\/wp\/wp-json\/wp\/v2\/posts\/27842\/revisions\/27844"}],"wp:featuredmedia":[{"embeddable":true,"href":"https:\/\/jornalnovametropole.com.br\/wp\/wp-json\/wp\/v2\/media\/27843"}],"wp:attachment":[{"href":"https:\/\/jornalnovametropole.com.br\/wp\/wp-json\/wp\/v2\/media?parent=27842"}],"wp:term":[{"taxonomy":"category","embeddable":true,"href":"https:\/\/jornalnovametropole.com.br\/wp\/wp-json\/wp\/v2\/categories?post=27842"},{"taxonomy":"post_tag","embeddable":true,"href":"https:\/\/jornalnovametropole.com.br\/wp\/wp-json\/wp\/v2\/tags?post=27842"}],"curies":[{"name":"wp","href":"https:\/\/api.w.org\/{rel}","templated":true}]}}