{"id":27564,"date":"2020-06-26T16:45:40","date_gmt":"2020-06-26T16:45:40","guid":{"rendered":"http:\/\/jornalnovametropole.com.br\/wp\/?p=27564"},"modified":"2020-07-06T10:51:32","modified_gmt":"2020-07-06T10:51:32","slug":"ponto-cidadao-abrigara-uma-central-de-atendimento-de-servicos-publicos","status":"publish","type":"post","link":"https:\/\/jornalnovametropole.com.br\/wp\/ponto-cidadao-abrigara-uma-central-de-atendimento-de-servicos-publicos\/","title":{"rendered":"Ponto Cidad\u00e3o abrigar\u00e1 uma central de atendimento de servi\u00e7os p\u00fablicos"},"content":{"rendered":"<h3><a href=\"http:\/\/jornalnovametropole.com.br\/wp\/wp-content\/uploads\/2020\/07\/FIG4639.jpg\"><img loading=\"lazy\" class=\"alignnone size-large wp-image-27565\" src=\"http:\/\/jornalnovametropole.com.br\/wp\/wp-content\/uploads\/2020\/07\/FIG4639-1024x683.jpg\" alt=\"_FIG4639\" width=\"485\" height=\"323\" srcset=\"https:\/\/jornalnovametropole.com.br\/wp\/wp-content\/uploads\/2020\/07\/FIG4639-1024x683.jpg 1024w, https:\/\/jornalnovametropole.com.br\/wp\/wp-content\/uploads\/2020\/07\/FIG4639-300x200.jpg 300w\" sizes=\"(max-width: 485px) 100vw, 485px\" \/><\/a><\/h3>\n<h3><strong>Pr\u00e9dio foi constru\u00eddo onde funcionava antiga Rodovi\u00e1ria, na avenida Vargas<\/strong><\/h3>\n<p>A constru\u00e7\u00e3o do Ponto Cidad\u00e3o entra na fase final da obra. O espa\u00e7o que funcionar\u00e1 na avenida Presidente Vargas, no antigo endere\u00e7o do Terminal Rodovi\u00e1rio, abrigar\u00e1 uma central de atendimento de servi\u00e7os p\u00fablicos. Em um \u00fanico pr\u00e9dio a Prefeitura disponibilizar\u00e1 servi\u00e7os do Procon, PAT (Posto de Atendimento ao Trabalhador), Junta Militar, Jari (Junta Administrativa de Recursos de Infra\u00e7\u00e3o), Protocolo e Fazenda Municipal. Um posto de recarga de cart\u00e3o do transporte coletivo tamb\u00e9m funcionar\u00e1 no local. A proposta \u00e9 oferecer mais conforto e comodidade \u00e0 popula\u00e7\u00e3o. A previs\u00e3o \u00e9 de que a obra esteja conclu\u00edda em setembro.<br \/>\nO pr\u00e9dio que foi projetado pela Secretaria de Planejamento Urbano e Engenharia aproveitando a cobertura do antigo Terminal Rodovi\u00e1rio, \u00e9 de estrutura met\u00e1lica aparente, com paredes internas em placas de cimento e pele de vidro. A arquitetura segue a mesma identifica\u00e7\u00e3o visual de edif\u00edcios p\u00fablicos da cidade como o Pa\u00e7o Municipal.<br \/>\nS\u00e3o 1.643,47m\u00b2 de \u00e1rea constru\u00edda, divididos em dois pavimentos. No t\u00e9rreo, os servi\u00e7os p\u00fablicos dividir\u00e3o espa\u00e7o com quatro lojas, sanit\u00e1rios, dep\u00f3sito, refeit\u00f3rio\/copa e pra\u00e7a de alimenta\u00e7\u00e3o, com duas lanchonetes. O pavimento superior abrigar\u00e1 mais servi\u00e7os e tamb\u00e9m ter\u00e1 espa\u00e7o para um segundo refeit\u00f3rio, sanit\u00e1rios e uma sala de treinamento\/reuni\u00f5es.<br \/>\nO Ponto Cidad\u00e3o oferecer\u00e1 35 vagas para estacionamento no sistema rotativo, 28 vagas para motos e um biciclet\u00e1rio com 33 vagas, al\u00e9m de um estacionamento exclusivo para funcion\u00e1rios com 19 vagas.<\/p>\n<p><em><strong>Confira os servi\u00e7os que ser\u00e3o disponibilizados no Ponto Cidad\u00e3o:<\/strong><\/em><br \/>\n<em><strong>\u2022 Procon<\/strong><\/em><br \/>\nO Procon atende e orienta a popula\u00e7\u00e3o, encaminhando \u00e0s empresa e institui\u00e7\u00f5es comerciais as reclama\u00e7\u00f5es fundamentadas dos consumidores, buscando a concilia\u00e7\u00e3o entre as partes. Quando n\u00e3o h\u00e1 possibilidade de acordo entre o consumidor e a empresa reclamada, o \u00f3rg\u00e3o orienta o mun\u00edcipe a procurar os servi\u00e7os de um advogado de sua confian\u00e7a para ajuizamento de a\u00e7\u00e3o perante o Poder Judici\u00e1rio, ou procurar diretamente o Juizado Especial C\u00edvel, uma vez que n\u00e3o pode ingressar com a\u00e7\u00f5es judiciais.<br \/>\nPosto de Atendimento ao Trabalhador<br \/>\nO PAT &#8211; Posto de Atendimento ao Trabalhador desenvolve uma s\u00e9rie de servi\u00e7os atrav\u00e9s do Sistema P\u00fablico de Emprego &#8211; SERT\/SINE. \u00c9 ligado \u00e0 Secretaria Estadual do Emprego e Rela\u00e7\u00f5es do Trabalho e funciona em parceria com a Prefeitura, prestando os seguintes servi\u00e7os gratuitos: intermedia\u00e7\u00e3o de M\u00e3o de Obra; qualifica\u00e7\u00e3o e requalifica\u00e7\u00e3o profissional; seguro desemprego; emiss\u00e3o de Carteira de Trabalho; programa de apoio \u00e0s pessoas Portadoras de Defici\u00eancia \u2013 PADEF. Os servi\u00e7os prestados pelo PAT s\u00e3o totalmente gratuitos.<\/p>\n<p><em><strong>\u2022\u00a0<\/strong><strong>Junta Militar<\/strong><\/em><br \/>\nA Junta de Servi\u00e7o Militar \u00e9 respons\u00e1vel pelo alistamento militar de jovens brasileiros e outros servi\u00e7os como a emiss\u00e3o de certificados de dispensa; recolhimento de taxas e multas; emiss\u00e3o de Declara\u00e7\u00f5es de Situa\u00e7\u00e3o Militar e Atestados de Desobriga\u00e7\u00e3o. A Junta tamb\u00e9m \u00e9 respons\u00e1vel por processos de Arrimo, Not\u00f3ria, Certificado de Dispensa do Servi\u00e7o Alternativo (CDSA) e Anula\u00e7\u00e3o de Eximi\u00e7\u00e3o; Sele\u00e7\u00e3o dos Alistados; solenidade de Juramento \u00e0 Bandeira; emiss\u00e3o de Incorpora\u00e7\u00e3o (CDI) e Certificado de Isen\u00e7\u00e3o (CI); pesquisa da situa\u00e7\u00e3o do cidad\u00e3o para fornecimento de Declara\u00e7\u00e3o ou Atestado para demandas emergenciais de retirada de passaporte, entrevista e contrata\u00e7\u00f5es de emprego, matr\u00edcula em faculdade e emiss\u00e3o de outros documentos; averba\u00e7\u00e3o de resultado de CS, de \u00f3bitos e outras, al\u00e9m de informa\u00e7\u00f5es e orienta\u00e7\u00f5es diversas.<\/p>\n<p><em><strong>\u2022\u00a0<\/strong><strong>Jari<\/strong><\/em><br \/>\nA Jari (Junta Administrativa de Recursos de Infra\u00e7\u00e3o) \u00e9 um \u00f3rg\u00e3o aut\u00f4nomo e colegiado respons\u00e1vel pelo julgamento dos recursos interpostos contra a decis\u00e3o da autoridade do tr\u00e2nsito que imp\u00f4s a penalidade. Atendimento \u00e0 popula\u00e7\u00e3o para realizar recurso de multas; indica\u00e7\u00e3o de condutor; impress\u00e3o de segunda via; pesquisa e d\u00favidas sobre notifica\u00e7\u00f5es de tr\u00e2nsito e multas.<br \/>\nSecretaria da Fazenda<br \/>\nServi\u00e7os oferecidos pelo Derem (Departamento de Rendas Mobili\u00e1rias): cadastro municipal de empresas e aut\u00f4nomos; atendimento \u00e0s notifica\u00e7\u00f5es; requerimento para desconto no IPVA de ve\u00edculos h\u00edbridos; emiss\u00e3o de carn\u00ea de ISSQN &#8211; Constru\u00e7\u00e3o Civil; carn\u00eas de taxas e licen\u00e7as de funcionamento; guias de recolhimento para distribui\u00e7\u00e3o panfletos e Alvar\u00e1 Digital.<br \/>\nServi\u00e7os oferecidos pelo Derim (Departamento de Rendas Imobili\u00e1rias): IPTU do exerc\u00edcio atual; Requerimento de isen\u00e7\u00e3o parcial de IPTU para aposentados, pensionistas e usufrutu\u00e1rios; Certid\u00f5es de Valor Venal do exerc\u00edcio vigente e Negativa de D\u00e9bitos.<br \/>\nServi\u00e7os do Departamento de D\u00edvida Ativa: consulta e parcelamentos de d\u00e9bitos inscritos em D\u00edvida Ativa.<\/p>\n<p><span style=\"font-size: 8pt;\"><em>Foto Eliandro Figueira\u00a0<\/em><\/span><\/p>\n","protected":false},"excerpt":{"rendered":"<p>Pr\u00e9dio foi constru\u00eddo onde funcionava antiga Rodovi\u00e1ria, na avenida Vargas A constru\u00e7\u00e3o do Ponto Cidad\u00e3o entra na fase final da<\/p>\n","protected":false},"author":3,"featured_media":27565,"comment_status":"closed","ping_status":"closed","sticky":false,"template":"","format":"standard","meta":[],"categories":[3],"tags":[5808],"_links":{"self":[{"href":"https:\/\/jornalnovametropole.com.br\/wp\/wp-json\/wp\/v2\/posts\/27564"}],"collection":[{"href":"https:\/\/jornalnovametropole.com.br\/wp\/wp-json\/wp\/v2\/posts"}],"about":[{"href":"https:\/\/jornalnovametropole.com.br\/wp\/wp-json\/wp\/v2\/types\/post"}],"author":[{"embeddable":true,"href":"https:\/\/jornalnovametropole.com.br\/wp\/wp-json\/wp\/v2\/users\/3"}],"replies":[{"embeddable":true,"href":"https:\/\/jornalnovametropole.com.br\/wp\/wp-json\/wp\/v2\/comments?post=27564"}],"version-history":[{"count":1,"href":"https:\/\/jornalnovametropole.com.br\/wp\/wp-json\/wp\/v2\/posts\/27564\/revisions"}],"predecessor-version":[{"id":27566,"href":"https:\/\/jornalnovametropole.com.br\/wp\/wp-json\/wp\/v2\/posts\/27564\/revisions\/27566"}],"wp:featuredmedia":[{"embeddable":true,"href":"https:\/\/jornalnovametropole.com.br\/wp\/wp-json\/wp\/v2\/media\/27565"}],"wp:attachment":[{"href":"https:\/\/jornalnovametropole.com.br\/wp\/wp-json\/wp\/v2\/media?parent=27564"}],"wp:term":[{"taxonomy":"category","embeddable":true,"href":"https:\/\/jornalnovametropole.com.br\/wp\/wp-json\/wp\/v2\/categories?post=27564"},{"taxonomy":"post_tag","embeddable":true,"href":"https:\/\/jornalnovametropole.com.br\/wp\/wp-json\/wp\/v2\/tags?post=27564"}],"curies":[{"name":"wp","href":"https:\/\/api.w.org\/{rel}","templated":true}]}}