{"id":27412,"date":"2020-06-22T14:13:01","date_gmt":"2020-06-22T14:13:01","guid":{"rendered":"http:\/\/jornalnovametropole.com.br\/wp\/?p=27412"},"modified":"2020-06-23T20:16:22","modified_gmt":"2020-06-23T20:16:22","slug":"indaiatuba-contabiliza-mais-uma-morte-e-totaliza-50-obitos-por-covid-19","status":"publish","type":"post","link":"https:\/\/jornalnovametropole.com.br\/wp\/indaiatuba-contabiliza-mais-uma-morte-e-totaliza-50-obitos-por-covid-19\/","title":{"rendered":"Indaiatuba contabiliza mais uma morte e totaliza 50 \u00f3bitos por Covid-19"},"content":{"rendered":"<h3><strong>Munic\u00edpio soma mais 43 casos positivos de infec\u00e7\u00e3o pelo novo coronav\u00edrus<\/strong><\/h3>\n<p>A Prefeitura de Indaiatuba por meio da Secretaria de Sa\u00fade contabiliza na data de hoje (21) mais um \u00f3bito decorrente da infec\u00e7\u00e3o pelo novo coronav\u00edrus, totalizando 50 no munic\u00edpio. Trata-se de um paciente masculino, 82 anos, que estava internado desde o dia 08 de junho no Haoc (Hospital Augusto de Oliveira Camargo), era diab\u00e9tico e hipertenso. A administra\u00e7\u00e3o municipal lamenta mais esta v\u00edtima da Covid-19 e presta condol\u00eancia aos familiares e amigos.<\/p>\n<p><em><strong>Situa\u00e7\u00e3o Epidemiol\u00f3gica<\/strong><\/em><\/p>\n<p>Neste domingo (21) foram acrescentadas 495 notifica\u00e7\u00f5es, fruto de a\u00e7\u00f5es de testagem e rastreio da Secretaria de Sa\u00fade; contabilizados mais 43 casos positivos de Covid-19 e h\u00e1 um \u00f3bito em an\u00e1lise. Sendo assim, Indaiatuba soma 6.160 notifica\u00e7\u00f5es; 897 confirmados, sendo que 50 evolu\u00edram a \u00f3bito; 820 s\u00e3o considerados curados ou est\u00e3o em recupera\u00e7\u00e3o domiciliar e 27 confirmados est\u00e3o internados. Ainda h\u00e1 outros 490 casos suspeitos aguardando resultado. Atualmente h\u00e1 37 internados em leito cl\u00ednico e 27 em UTI (Unidade de Terapia Intensiva). A taxa de ocupa\u00e7\u00e3o dos leitos cl\u00ednicos \u00e9 de 63% para o Haoc e 88% para o Hospital Santa Ign\u00eas. A ocupa\u00e7\u00e3o dos leitos de UTI \u00e9 de 83% no Haoc e 58% no Hospital Santa Ign\u00eas.<\/p>\n<p><a href=\"http:\/\/jornalnovametropole.com.br\/wp\/wp-content\/uploads\/2020\/06\/Tabela-covid-22.6.20.jpg\"><img loading=\"lazy\" class=\"alignnone size-large wp-image-27413\" src=\"http:\/\/jornalnovametropole.com.br\/wp\/wp-content\/uploads\/2020\/06\/Tabela-covid-22.6.20-609x1024.jpg\" alt=\"Tabela covid - 22.6.20\" width=\"485\" height=\"816\" \/><\/a><\/p>\n<p>&nbsp;<\/p>\n","protected":false},"excerpt":{"rendered":"<p>Munic\u00edpio soma mais 43 casos positivos de infec\u00e7\u00e3o pelo novo coronav\u00edrus A Prefeitura de Indaiatuba por meio da Secretaria de<\/p>\n","protected":false},"author":3,"featured_media":27413,"comment_status":"closed","ping_status":"closed","sticky":false,"template":"","format":"standard","meta":[],"categories":[3],"tags":[5759],"_links":{"self":[{"href":"https:\/\/jornalnovametropole.com.br\/wp\/wp-json\/wp\/v2\/posts\/27412"}],"collection":[{"href":"https:\/\/jornalnovametropole.com.br\/wp\/wp-json\/wp\/v2\/posts"}],"about":[{"href":"https:\/\/jornalnovametropole.com.br\/wp\/wp-json\/wp\/v2\/types\/post"}],"author":[{"embeddable":true,"href":"https:\/\/jornalnovametropole.com.br\/wp\/wp-json\/wp\/v2\/users\/3"}],"replies":[{"embeddable":true,"href":"https:\/\/jornalnovametropole.com.br\/wp\/wp-json\/wp\/v2\/comments?post=27412"}],"version-history":[{"count":1,"href":"https:\/\/jornalnovametropole.com.br\/wp\/wp-json\/wp\/v2\/posts\/27412\/revisions"}],"predecessor-version":[{"id":27414,"href":"https:\/\/jornalnovametropole.com.br\/wp\/wp-json\/wp\/v2\/posts\/27412\/revisions\/27414"}],"wp:featuredmedia":[{"embeddable":true,"href":"https:\/\/jornalnovametropole.com.br\/wp\/wp-json\/wp\/v2\/media\/27413"}],"wp:attachment":[{"href":"https:\/\/jornalnovametropole.com.br\/wp\/wp-json\/wp\/v2\/media?parent=27412"}],"wp:term":[{"taxonomy":"category","embeddable":true,"href":"https:\/\/jornalnovametropole.com.br\/wp\/wp-json\/wp\/v2\/categories?post=27412"},{"taxonomy":"post_tag","embeddable":true,"href":"https:\/\/jornalnovametropole.com.br\/wp\/wp-json\/wp\/v2\/tags?post=27412"}],"curies":[{"name":"wp","href":"https:\/\/api.w.org\/{rel}","templated":true}]}}