{"id":27399,"date":"2020-06-16T16:14:08","date_gmt":"2020-06-16T16:14:08","guid":{"rendered":"http:\/\/jornalnovametropole.com.br\/wp\/?p=27399"},"modified":"2020-06-23T16:50:53","modified_gmt":"2020-06-23T16:50:53","slug":"veiculo-com-som-em-alto-volume-no-parque-ecologico-e-recolhido-pela-equipe-do-gap","status":"publish","type":"post","link":"https:\/\/jornalnovametropole.com.br\/wp\/veiculo-com-som-em-alto-volume-no-parque-ecologico-e-recolhido-pela-equipe-do-gap\/","title":{"rendered":"Ve\u00edculo com som em alto volume no Parque Ecol\u00f3gico \u00e9 recolhido pela equipe do GAP"},"content":{"rendered":"<h3><a href=\"http:\/\/jornalnovametropole.com.br\/wp\/wp-content\/uploads\/2020\/06\/0424-ve\u00edculo-de-som-foto-Eduardo-Turati.jpg\"><img loading=\"lazy\" class=\"alignnone size-large wp-image-27400\" src=\"http:\/\/jornalnovametropole.com.br\/wp\/wp-content\/uploads\/2020\/06\/0424-ve\u00edculo-de-som-foto-Eduardo-Turati-1024x576.jpg\" alt=\"0424 ve\u00edculo de som - foto Eduardo Turati\" width=\"485\" height=\"273\" srcset=\"https:\/\/jornalnovametropole.com.br\/wp\/wp-content\/uploads\/2020\/06\/0424-ve\u00edculo-de-som-foto-Eduardo-Turati-1024x576.jpg 1024w, https:\/\/jornalnovametropole.com.br\/wp\/wp-content\/uploads\/2020\/06\/0424-ve\u00edculo-de-som-foto-Eduardo-Turati-300x169.jpg 300w\" sizes=\"(max-width: 485px) 100vw, 485px\" \/><\/a><\/h3>\n<h3><span style=\"font-family: helvetica; font-size: 20px;\"><strong>Frequentadores do local foram orientados quando ao risco de aglomera\u00e7\u00f5es<\/strong><\/span><\/h3>\n<p>Na noite de quarta-feira (10), as equipes do GAP recolheram um ve\u00edculo com som alto no estacionamento em frente \u00e0 Prefeitura. A equipe do GAP 093 realizava o patrulhamento preventivo da Avenida Engenheiro F\u00e1bio Roberto Barnab\u00e9, quando o volume do som e a aglomera\u00e7\u00e3o de pessoas chamaram a aten\u00e7\u00e3o dos agentes.<br \/>\nSeguindo a Lei Municipal 6.297, que pro\u00edbe o funcionamento de equipamentos de som em ve\u00edculo que possam perturbar o sossego p\u00fablico, a equipe recolheu o carro que estava com o som alto. As demais pessoas foram orientadas quanto ao risco da aglomera\u00e7\u00e3o no per\u00edodo da pandemia pelo Covid19 e deixam o local.<br \/>\nDurante a a\u00e7\u00e3o, um motorista que transitava com seu ve\u00edculo em alta velocidade e realizava manobras perigosas pela via, entrou no estacionando onde as equipes estavam. Ele foi abordado e sofreu as puni\u00e7\u00f5es previstas em Lei.<\/p>\n<p><span style=\"font-size: 8pt;\"><em>Foto: Eduardo Turati \/ SCOMSOC &#8211; GCI<\/em><\/span><\/p>\n","protected":false},"excerpt":{"rendered":"<p>Frequentadores do local foram orientados quando ao risco de aglomera\u00e7\u00f5es Na noite de quarta-feira (10), as equipes do GAP recolheram<\/p>\n","protected":false},"author":3,"featured_media":27400,"comment_status":"closed","ping_status":"closed","sticky":false,"template":"","format":"standard","meta":[],"categories":[16],"tags":[5755],"_links":{"self":[{"href":"https:\/\/jornalnovametropole.com.br\/wp\/wp-json\/wp\/v2\/posts\/27399"}],"collection":[{"href":"https:\/\/jornalnovametropole.com.br\/wp\/wp-json\/wp\/v2\/posts"}],"about":[{"href":"https:\/\/jornalnovametropole.com.br\/wp\/wp-json\/wp\/v2\/types\/post"}],"author":[{"embeddable":true,"href":"https:\/\/jornalnovametropole.com.br\/wp\/wp-json\/wp\/v2\/users\/3"}],"replies":[{"embeddable":true,"href":"https:\/\/jornalnovametropole.com.br\/wp\/wp-json\/wp\/v2\/comments?post=27399"}],"version-history":[{"count":1,"href":"https:\/\/jornalnovametropole.com.br\/wp\/wp-json\/wp\/v2\/posts\/27399\/revisions"}],"predecessor-version":[{"id":27401,"href":"https:\/\/jornalnovametropole.com.br\/wp\/wp-json\/wp\/v2\/posts\/27399\/revisions\/27401"}],"wp:featuredmedia":[{"embeddable":true,"href":"https:\/\/jornalnovametropole.com.br\/wp\/wp-json\/wp\/v2\/media\/27400"}],"wp:attachment":[{"href":"https:\/\/jornalnovametropole.com.br\/wp\/wp-json\/wp\/v2\/media?parent=27399"}],"wp:term":[{"taxonomy":"category","embeddable":true,"href":"https:\/\/jornalnovametropole.com.br\/wp\/wp-json\/wp\/v2\/categories?post=27399"},{"taxonomy":"post_tag","embeddable":true,"href":"https:\/\/jornalnovametropole.com.br\/wp\/wp-json\/wp\/v2\/tags?post=27399"}],"curies":[{"name":"wp","href":"https:\/\/api.w.org\/{rel}","templated":true}]}}