{"id":27278,"date":"2020-06-12T09:55:02","date_gmt":"2020-06-12T09:55:02","guid":{"rendered":"http:\/\/jornalnovametropole.com.br\/wp\/?p=27278"},"modified":"2020-06-10T17:42:36","modified_gmt":"2020-06-10T17:42:36","slug":"vacinacao-contra-a-influenza-e-prorrogada-ate-o-dia-30-de-junho-para-atingir-90-de-cobertura","status":"publish","type":"post","link":"https:\/\/jornalnovametropole.com.br\/wp\/vacinacao-contra-a-influenza-e-prorrogada-ate-o-dia-30-de-junho-para-atingir-90-de-cobertura\/","title":{"rendered":"Vacina\u00e7\u00e3o contra a influenza \u00e9 prorrogada at\u00e9 o dia 30 de junho para atingir 90% de cobertura"},"content":{"rendered":"<h3><a href=\"http:\/\/jornalnovametropole.com.br\/wp\/wp-content\/uploads\/2020\/06\/Vacina\u00e7\u00e3o-influenza-Foto-Arquivo-Eliandro-Figueira-RICPMI.jpg\"><img loading=\"lazy\" class=\"alignnone size-large wp-image-27279\" src=\"http:\/\/jornalnovametropole.com.br\/wp\/wp-content\/uploads\/2020\/06\/Vacina\u00e7\u00e3o-influenza-Foto-Arquivo-Eliandro-Figueira-RICPMI-1024x683.jpg\" alt=\"Vacina\u00e7\u00e3o influenza - Foto Arquivo- Eliandro Figueira RICPMI\" width=\"485\" height=\"323\" srcset=\"https:\/\/jornalnovametropole.com.br\/wp\/wp-content\/uploads\/2020\/06\/Vacina\u00e7\u00e3o-influenza-Foto-Arquivo-Eliandro-Figueira-RICPMI-1024x683.jpg 1024w, https:\/\/jornalnovametropole.com.br\/wp\/wp-content\/uploads\/2020\/06\/Vacina\u00e7\u00e3o-influenza-Foto-Arquivo-Eliandro-Figueira-RICPMI-300x200.jpg 300w\" sizes=\"(max-width: 485px) 100vw, 485px\" \/><\/a><\/h3>\n<h3><strong>Cobertura vacinal em crian\u00e7as de 6 meses a menores de 6 anos est\u00e1 em 37%<\/strong><\/h3>\n<p>O Minist\u00e9rio da Sa\u00fade decidiu prorrogar a Campanha Nacional de Vacina\u00e7\u00e3o contra a Influenza at\u00e9 o dia 30 de junho. A iniciativa \u00e9 v\u00e1lida para atingir a meta de vacinar ao menos 90% dos grupos priorit\u00e1rios. Indaiatuba atingiu at\u00e9 o momento 76,16% do total da popula\u00e7\u00e3o alvo. Sendo assim, todas as Unidades de Sa\u00fade ser\u00e3o abastecidas com novas doses e continuam a vacina\u00e7\u00e3o contra a influenza de segunda a sexta-feira das 7h30 \u00e0s 16h com prioridade aos grupos formados por pessoas com defici\u00eancia, crian\u00e7as de 6 meses a menores de 6 anos, gestantes, pu\u00e9rperas, professores e pessoas de 55 a 59 anos de idade.<\/p>\n<p>A cobertura vacinal est\u00e1 mais deficiente para os seguintes p\u00fablicos: crian\u00e7as de 6 meses a menores de 6 anos (37%), gestantes (32,46%), m\u00e3es no p\u00f3s-parto at\u00e9 45 dias (46,307%) e adultos de 55 a 59 anos (28,61%). Entre os idosos e trabalhadores da \u00c1rea da Sa\u00fade a cobertura vacinal j\u00e1 atingiu a meta de 100%.<br \/>\nA vacina contra influenza n\u00e3o tem efic\u00e1cia contra o Coronav\u00edrus, por\u00e9m, neste momento, ir\u00e1 auxiliar os Profissionais de Sa\u00fade na exclus\u00e3o do diagn\u00f3stico para a Covid-19, j\u00e1 que os sintomas s\u00e3o parecidos. E, ainda, ajuda a reduzir \u00e0 procura por Servi\u00e7os de Sa\u00fade.<\/p>\n<p><span style=\"font-size: 8pt;\"><em>Foto\u00a0Arquivo- Eliandro Figueira RIC\/PMI<\/em><\/span><\/p>\n","protected":false},"excerpt":{"rendered":"<p>Cobertura vacinal em crian\u00e7as de 6 meses a menores de 6 anos est\u00e1 em 37% O Minist\u00e9rio da Sa\u00fade decidiu<\/p>\n","protected":false},"author":3,"featured_media":27279,"comment_status":"closed","ping_status":"closed","sticky":false,"template":"","format":"standard","meta":[],"categories":[3],"tags":[5711],"_links":{"self":[{"href":"https:\/\/jornalnovametropole.com.br\/wp\/wp-json\/wp\/v2\/posts\/27278"}],"collection":[{"href":"https:\/\/jornalnovametropole.com.br\/wp\/wp-json\/wp\/v2\/posts"}],"about":[{"href":"https:\/\/jornalnovametropole.com.br\/wp\/wp-json\/wp\/v2\/types\/post"}],"author":[{"embeddable":true,"href":"https:\/\/jornalnovametropole.com.br\/wp\/wp-json\/wp\/v2\/users\/3"}],"replies":[{"embeddable":true,"href":"https:\/\/jornalnovametropole.com.br\/wp\/wp-json\/wp\/v2\/comments?post=27278"}],"version-history":[{"count":1,"href":"https:\/\/jornalnovametropole.com.br\/wp\/wp-json\/wp\/v2\/posts\/27278\/revisions"}],"predecessor-version":[{"id":27280,"href":"https:\/\/jornalnovametropole.com.br\/wp\/wp-json\/wp\/v2\/posts\/27278\/revisions\/27280"}],"wp:featuredmedia":[{"embeddable":true,"href":"https:\/\/jornalnovametropole.com.br\/wp\/wp-json\/wp\/v2\/media\/27279"}],"wp:attachment":[{"href":"https:\/\/jornalnovametropole.com.br\/wp\/wp-json\/wp\/v2\/media?parent=27278"}],"wp:term":[{"taxonomy":"category","embeddable":true,"href":"https:\/\/jornalnovametropole.com.br\/wp\/wp-json\/wp\/v2\/categories?post=27278"},{"taxonomy":"post_tag","embeddable":true,"href":"https:\/\/jornalnovametropole.com.br\/wp\/wp-json\/wp\/v2\/tags?post=27278"}],"curies":[{"name":"wp","href":"https:\/\/api.w.org\/{rel}","templated":true}]}}