{"id":27243,"date":"2020-06-08T18:03:47","date_gmt":"2020-06-08T18:03:47","guid":{"rendered":"http:\/\/jornalnovametropole.com.br\/wp\/?p=27243"},"modified":"2020-06-08T18:03:47","modified_gmt":"2020-06-08T18:03:47","slug":"prefeito-prorroga-data-de-vencimento-do-iptu-por-conta-da-pandemia","status":"publish","type":"post","link":"https:\/\/jornalnovametropole.com.br\/wp\/prefeito-prorroga-data-de-vencimento-do-iptu-por-conta-da-pandemia\/","title":{"rendered":"Prefeito prorroga data de vencimento do IPTU por conta da pandemia"},"content":{"rendered":"<div class=\"\" data-block=\"true\" data-editor=\"62v1n\" data-offset-key=\"58vgc-0-0\">\n<div class=\"_1mf _1mj\" data-offset-key=\"58vgc-0-0\"><a href=\"http:\/\/jornalnovametropole.com.br\/wp\/wp-content\/uploads\/2020\/06\/FACHADA-DA-PREFEITURA-Foto-Arquivo-Eliandro-Figueira-RIC-PMI.jpg\"><img loading=\"lazy\" class=\"alignnone size-large wp-image-27244\" src=\"http:\/\/jornalnovametropole.com.br\/wp\/wp-content\/uploads\/2020\/06\/FACHADA-DA-PREFEITURA-Foto-Arquivo-Eliandro-Figueira-RIC-PMI-1024x672.jpg\" alt=\"FACHADA DA PREFEITURA-Foto Arquivo- Eliandro Figueira RIC-PMI\" width=\"485\" height=\"318\" srcset=\"https:\/\/jornalnovametropole.com.br\/wp\/wp-content\/uploads\/2020\/06\/FACHADA-DA-PREFEITURA-Foto-Arquivo-Eliandro-Figueira-RIC-PMI-1024x672.jpg 1024w, https:\/\/jornalnovametropole.com.br\/wp\/wp-content\/uploads\/2020\/06\/FACHADA-DA-PREFEITURA-Foto-Arquivo-Eliandro-Figueira-RIC-PMI-300x197.jpg 300w\" sizes=\"(max-width: 485px) 100vw, 485px\" \/><\/a><\/div>\n<div class=\"_1mf _1mj\" data-offset-key=\"58vgc-0-0\"><\/div>\n<div class=\"_1mf _1mj\" data-offset-key=\"58vgc-0-0\"><span data-offset-key=\"58vgc-0-0\"><span data-text=\"true\">O Prefeito Nilson Gaspar editou um decreto determinando a prorroga\u00e7\u00e3o do prazo de vencimento das parcelas do IPTU (Imposto Predial e Territorial Urbano) referente aos meses de junho, julho e agosto para at\u00e9 31 de dezembro de 2020, sem a cobran\u00e7a de juros e multas. O documento foi publicado na edi\u00e7\u00e3o desta quinta-feira (04) da Imprensa Oficial do Munic\u00edpio.<\/span><\/span><\/div>\n<\/div>\n<div class=\"\" data-block=\"true\" data-editor=\"62v1n\" data-offset-key=\"a5lj3-0-0\">\n<div class=\"_1mf _1mj\" data-offset-key=\"a5lj3-0-0\"><span data-offset-key=\"a5lj3-0-0\">\u00a0<\/span><\/div>\n<\/div>\n<div class=\"\" data-block=\"true\" data-editor=\"62v1n\" data-offset-key=\"3h8ic-0-0\">\n<div class=\"_1mf _1mj\" data-offset-key=\"3h8ic-0-0\"><span data-offset-key=\"3h8ic-0-0\"><span data-text=\"true\">Um das justificativas apresentadas no decreto \u00e9 a situa\u00e7\u00e3o de emerg\u00eancia declarada no munic\u00edpio (Decreto n\u00ba 13.931 de 20 de mar\u00e7o de 2020), em raz\u00e3o das medidas necess\u00e1rias para preven\u00e7\u00e3o e controle da pandemia de Covid-19, doen\u00e7a transmitida pelo novo coronav\u00edrus, evitando agravos \u00e0 sa\u00fade p\u00fablica.<\/span><\/span><\/div>\n<\/div>\n<div class=\"\" data-block=\"true\" data-editor=\"62v1n\" data-offset-key=\"9ej88-0-0\">\n<div class=\"_1mf _1mj\" data-offset-key=\"9ej88-0-0\"><span data-offset-key=\"9ej88-0-0\">\u00a0<\/span><\/div>\n<\/div>\n<div class=\"\" data-block=\"true\" data-editor=\"62v1n\" data-offset-key=\"2s283-0-0\">\n<div class=\"_1mf _1mj\" data-offset-key=\"2s283-0-0\"><span data-offset-key=\"2s283-0-0\"><span data-text=\"true\">Segundo o gestor municipal, as medidas de isolamento social imp\u00f5em graves impactos na economia. \u201cInfelizmente muitos trabalhadores aut\u00f4nomos e pequenos empres\u00e1rios precisaram paralisar suas atividades, sem contar as pessoas que de fato perderam seus empregos. Com o decreto essas pessoas n\u00e3o precisar\u00e3o se preocupar com o IPTU nessa fase mais cr\u00edtica causada pela pandemia\u201d, explicou Gaspar.<\/span><\/span><\/div>\n<div class=\"_1mf _1mj\" data-offset-key=\"2s283-0-0\"><\/div>\n<\/div>\n<div class=\"\" data-block=\"true\" data-editor=\"62v1n\" data-offset-key=\"dkma1-0-0\">\n<div class=\"_1mf _1mj\" data-offset-key=\"dkma1-0-0\"><span style=\"font-size: 8pt;\"><em><span data-offset-key=\"dkma1-0-0\"><span data-text=\"true\">Foto Arquivo- Eliandro Figueira RIC-PMI<\/span><\/span><\/em><\/span><\/div>\n<\/div>\n","protected":false},"excerpt":{"rendered":"<p>O Prefeito Nilson Gaspar editou um decreto determinando a prorroga\u00e7\u00e3o do prazo de vencimento das parcelas do IPTU (Imposto Predial<\/p>\n","protected":false},"author":3,"featured_media":27244,"comment_status":"closed","ping_status":"closed","sticky":false,"template":"","format":"standard","meta":[],"categories":[3],"tags":[5699],"_links":{"self":[{"href":"https:\/\/jornalnovametropole.com.br\/wp\/wp-json\/wp\/v2\/posts\/27243"}],"collection":[{"href":"https:\/\/jornalnovametropole.com.br\/wp\/wp-json\/wp\/v2\/posts"}],"about":[{"href":"https:\/\/jornalnovametropole.com.br\/wp\/wp-json\/wp\/v2\/types\/post"}],"author":[{"embeddable":true,"href":"https:\/\/jornalnovametropole.com.br\/wp\/wp-json\/wp\/v2\/users\/3"}],"replies":[{"embeddable":true,"href":"https:\/\/jornalnovametropole.com.br\/wp\/wp-json\/wp\/v2\/comments?post=27243"}],"version-history":[{"count":2,"href":"https:\/\/jornalnovametropole.com.br\/wp\/wp-json\/wp\/v2\/posts\/27243\/revisions"}],"predecessor-version":[{"id":27246,"href":"https:\/\/jornalnovametropole.com.br\/wp\/wp-json\/wp\/v2\/posts\/27243\/revisions\/27246"}],"wp:featuredmedia":[{"embeddable":true,"href":"https:\/\/jornalnovametropole.com.br\/wp\/wp-json\/wp\/v2\/media\/27244"}],"wp:attachment":[{"href":"https:\/\/jornalnovametropole.com.br\/wp\/wp-json\/wp\/v2\/media?parent=27243"}],"wp:term":[{"taxonomy":"category","embeddable":true,"href":"https:\/\/jornalnovametropole.com.br\/wp\/wp-json\/wp\/v2\/categories?post=27243"},{"taxonomy":"post_tag","embeddable":true,"href":"https:\/\/jornalnovametropole.com.br\/wp\/wp-json\/wp\/v2\/tags?post=27243"}],"curies":[{"name":"wp","href":"https:\/\/api.w.org\/{rel}","templated":true}]}}