{"id":26882,"date":"2020-05-08T11:28:02","date_gmt":"2020-05-08T11:28:02","guid":{"rendered":"http:\/\/jornalnovametropole.com.br\/wp\/?p=26882"},"modified":"2020-05-08T11:28:02","modified_gmt":"2020-05-08T11:28:02","slug":"prefeitura-realiza-acoes-de-conscientizacao-para-combate-ao-novo-coronavirus","status":"publish","type":"post","link":"https:\/\/jornalnovametropole.com.br\/wp\/prefeitura-realiza-acoes-de-conscientizacao-para-combate-ao-novo-coronavirus\/","title":{"rendered":"Prefeitura realiza a\u00e7\u00f5es de conscientiza\u00e7\u00e3o para combate ao  Novo Coronav\u00edrus"},"content":{"rendered":"<h3><a href=\"http:\/\/jornalnovametropole.com.br\/wp\/wp-content\/uploads\/2020\/05\/09-A\u00e7\u00e3o-de-conscientiza\u00e7\u00e3o-_Foto-Eliandro-Figueira-RICPMI.jpg\"><img loading=\"lazy\" class=\"alignnone size-full wp-image-26883\" src=\"http:\/\/jornalnovametropole.com.br\/wp\/wp-content\/uploads\/2020\/05\/09-A\u00e7\u00e3o-de-conscientiza\u00e7\u00e3o-_Foto-Eliandro-Figueira-RICPMI.jpg\" alt=\"09 - A\u00e7\u00e3o de conscientiza\u00e7\u00e3o _Foto Eliandro Figueira RICPMI\" width=\"900\" height=\"600\" srcset=\"https:\/\/jornalnovametropole.com.br\/wp\/wp-content\/uploads\/2020\/05\/09-A\u00e7\u00e3o-de-conscientiza\u00e7\u00e3o-_Foto-Eliandro-Figueira-RICPMI.jpg 900w, https:\/\/jornalnovametropole.com.br\/wp\/wp-content\/uploads\/2020\/05\/09-A\u00e7\u00e3o-de-conscientiza\u00e7\u00e3o-_Foto-Eliandro-Figueira-RICPMI-300x200.jpg 300w\" sizes=\"(max-width: 900px) 100vw, 900px\" \/><\/a><\/h3>\n<h3><strong>Equipes de Sa\u00fade est\u00e3o nas ruas para orientar a popula\u00e7\u00e3o<\/strong><\/h3>\n<p>A Prefeitura de Indaiatuba por meio da Secretaria de Sa\u00fade est\u00e1 realizando a\u00e7\u00f5es de conscientiza\u00e7\u00e3o e combate a transmiss\u00e3o do Novo Coronav\u00edrus, causador da doen\u00e7a Covid-19. Entre as a\u00e7\u00f5es est\u00e3o aferi\u00e7\u00e3o de temperatura, distribui\u00e7\u00e3o de m\u00e1scaras no Parque Ecol\u00f3gico, orienta\u00e7\u00f5es em frente aos Bancos para recebimento do Aux\u00edlio Emergencial e entrega de \u00e1lcool gel e m\u00e1scaras em bairros com maior vulnerabilidade social, e fixa\u00e7\u00e3o de cartazes no com\u00e9rcio recomendando o uso de m\u00e1scaras em qualquer ambiente.<br \/>\nNo domingo, dia 10, ser\u00e1 comemorado o Dia das M\u00e3es e as Equipes de Sa\u00fade far\u00e3o a\u00e7\u00e3o na porta dos Cemit\u00e9rios da cidade para orientar o uso obrigat\u00f3rio de m\u00e1scaras, fazer a higieniza\u00e7\u00e3o das m\u00e3os e aferir a temperatura dos visitantes.<br \/>\nNo \u00faltimo fim de semana os Agentes Comunit\u00e1rios de Sa\u00fade, permaneceram no Parque Ecol\u00f3gico durante o dia para aferir a temperatura da popula\u00e7\u00e3o e entregar m\u00e1scaras, orientando a import\u00e2ncia do uso da mesma fora da resid\u00eancia. Foram distribu\u00eddas cerca de 4 mil m\u00e1scaras. Tamb\u00e9m no fim de semana e no decorrer dessa semana as a\u00e7\u00f5es est\u00e3o concentradas na frente dos Bancos Federais que est\u00e3o distribuindo o Aux\u00edlio Emergencial.<br \/>\nNos bairros de maior vulnerabilidade social: Caminho da Luz, Engenho, Veredas da Conquista e foram feitas A\u00e7\u00f5es de Sa\u00fade e preven\u00e7\u00e3o ao Coronav\u00edrus pelo Departamento de Aten\u00e7\u00e3o Prim\u00e1ria. As a\u00e7\u00f5es foram: vacina\u00e7\u00e3o contra a Influenza para o p\u00fablico-alvo, doa\u00e7\u00e3o de \u00e1lcool gel e m\u00e1scaras para as fam\u00edlias vulner\u00e1veis. Tamb\u00e9m realizado monitoramento e busca ativa de sintom\u00e1ticos respirat\u00f3rios, com suspeita de Covid-19. Ontem (7) a mesma a\u00e7\u00e3o ocorreu no bairro Tamoios.<\/p>\n<p><span style=\"font-size: 8pt;\"><em>foto:\u00a0 Eliandro Figueira RIC\/PMI<\/em><\/span><\/p>\n","protected":false},"excerpt":{"rendered":"<p>Equipes de Sa\u00fade est\u00e3o nas ruas para orientar a popula\u00e7\u00e3o A Prefeitura de Indaiatuba por meio da Secretaria de Sa\u00fade<\/p>\n","protected":false},"author":3,"featured_media":26883,"comment_status":"closed","ping_status":"closed","sticky":false,"template":"","format":"standard","meta":[],"categories":[3],"tags":[5555],"_links":{"self":[{"href":"https:\/\/jornalnovametropole.com.br\/wp\/wp-json\/wp\/v2\/posts\/26882"}],"collection":[{"href":"https:\/\/jornalnovametropole.com.br\/wp\/wp-json\/wp\/v2\/posts"}],"about":[{"href":"https:\/\/jornalnovametropole.com.br\/wp\/wp-json\/wp\/v2\/types\/post"}],"author":[{"embeddable":true,"href":"https:\/\/jornalnovametropole.com.br\/wp\/wp-json\/wp\/v2\/users\/3"}],"replies":[{"embeddable":true,"href":"https:\/\/jornalnovametropole.com.br\/wp\/wp-json\/wp\/v2\/comments?post=26882"}],"version-history":[{"count":1,"href":"https:\/\/jornalnovametropole.com.br\/wp\/wp-json\/wp\/v2\/posts\/26882\/revisions"}],"predecessor-version":[{"id":26884,"href":"https:\/\/jornalnovametropole.com.br\/wp\/wp-json\/wp\/v2\/posts\/26882\/revisions\/26884"}],"wp:featuredmedia":[{"embeddable":true,"href":"https:\/\/jornalnovametropole.com.br\/wp\/wp-json\/wp\/v2\/media\/26883"}],"wp:attachment":[{"href":"https:\/\/jornalnovametropole.com.br\/wp\/wp-json\/wp\/v2\/media?parent=26882"}],"wp:term":[{"taxonomy":"category","embeddable":true,"href":"https:\/\/jornalnovametropole.com.br\/wp\/wp-json\/wp\/v2\/categories?post=26882"},{"taxonomy":"post_tag","embeddable":true,"href":"https:\/\/jornalnovametropole.com.br\/wp\/wp-json\/wp\/v2\/tags?post=26882"}],"curies":[{"name":"wp","href":"https:\/\/api.w.org\/{rel}","templated":true}]}}