{"id":2688,"date":"2015-03-30T12:06:45","date_gmt":"2015-03-30T12:06:45","guid":{"rendered":"http:\/\/jornalnovametropole.com.br\/wp\/?p=2688"},"modified":"2015-03-30T12:06:45","modified_gmt":"2015-03-30T12:06:45","slug":"inscricao-para-curso-de-libras-esta-aberta","status":"publish","type":"post","link":"https:\/\/jornalnovametropole.com.br\/wp\/inscricao-para-curso-de-libras-esta-aberta\/","title":{"rendered":"Inscri\u00e7\u00e3o para Curso de Libras est\u00e1 aberta"},"content":{"rendered":"<figure id=\"attachment_2689\" aria-describedby=\"caption-attachment-2689\" style=\"width: 667px\" class=\"wp-caption alignnone\"><a href=\"http:\/\/jornalnovametropole.com.br\/wp\/wp-content\/uploads\/2015\/03\/15-Libra.jpg\"><img loading=\"lazy\" class=\"size-full wp-image-2689\" src=\"http:\/\/jornalnovametropole.com.br\/wp\/wp-content\/uploads\/2015\/03\/15-Libra.jpg\" alt=\"Curso \u00e9 direcionado aos funcion\u00e1rios p\u00fablicos e para a comunidade\" width=\"667\" height=\"500\" srcset=\"https:\/\/jornalnovametropole.com.br\/wp\/wp-content\/uploads\/2015\/03\/15-Libra.jpg 667w, https:\/\/jornalnovametropole.com.br\/wp\/wp-content\/uploads\/2015\/03\/15-Libra-300x225.jpg 300w\" sizes=\"(max-width: 667px) 100vw, 667px\" \/><\/a><figcaption id=\"caption-attachment-2689\" class=\"wp-caption-text\">Curso \u00e9 direcionado aos funcion\u00e1rios p\u00fablicos e para a comunidade<\/figcaption><\/figure>\n<p>A Prefeitura de Indaiatuba, por meio da Secretaria da Fam\u00edlia e do Bem Estar Social, juntamente com o Centro de Refer\u00eancia em Aten\u00e7\u00e3o \u00e0 Pessoa com Defici\u00eancia, est\u00e1 com as inscri\u00e7\u00f5es abertas para o Curso de Libras. A capacita\u00e7\u00e3o \u00e9 direcionada aos funcion\u00e1rios da Prefeitura da \u00e1rea de atendimento ao p\u00fablico e tamb\u00e9m para a comunidade. Haver\u00e1 turmas, iniciante com carga hor\u00e1ria de 30h, avan\u00e7ado com carga hor\u00e1ria de 45h e m\u00f3dulo treinamento. Quem iniciou no ano passado dar\u00e1 continuidade ao curso para melhorar a flu\u00eancia e ampliar a carga hor\u00e1ria.<br \/>\nAs inscri\u00e7\u00f5es j\u00e1 podem ser realizadas no Centro de Refer\u00eancia em Aten\u00e7\u00e3o \u00e0 Pessoa com Defici\u00eancia pelo telefone (19) 3875-2816 ou e-mail social.pessoacomdeficiencia02@indaiatuba.sp.gov.br e seguem at\u00e9 o dia 20. As aulas ser\u00e3o ministradas no Centro de Refer\u00eancia, localizado na Rua da Caixa d\u2019\u00c1gua, 162, bairro Santa Cruz por Andresa Lins dos Santos.<\/p>\n","protected":false},"excerpt":{"rendered":"<p>A Prefeitura de Indaiatuba, por meio da Secretaria da Fam\u00edlia e do Bem Estar Social, juntamente com o Centro de<\/p>\n","protected":false},"author":2,"featured_media":2689,"comment_status":"open","ping_status":"open","sticky":false,"template":"","format":"standard","meta":[],"categories":[5],"tags":[325],"_links":{"self":[{"href":"https:\/\/jornalnovametropole.com.br\/wp\/wp-json\/wp\/v2\/posts\/2688"}],"collection":[{"href":"https:\/\/jornalnovametropole.com.br\/wp\/wp-json\/wp\/v2\/posts"}],"about":[{"href":"https:\/\/jornalnovametropole.com.br\/wp\/wp-json\/wp\/v2\/types\/post"}],"author":[{"embeddable":true,"href":"https:\/\/jornalnovametropole.com.br\/wp\/wp-json\/wp\/v2\/users\/2"}],"replies":[{"embeddable":true,"href":"https:\/\/jornalnovametropole.com.br\/wp\/wp-json\/wp\/v2\/comments?post=2688"}],"version-history":[{"count":1,"href":"https:\/\/jornalnovametropole.com.br\/wp\/wp-json\/wp\/v2\/posts\/2688\/revisions"}],"predecessor-version":[{"id":2690,"href":"https:\/\/jornalnovametropole.com.br\/wp\/wp-json\/wp\/v2\/posts\/2688\/revisions\/2690"}],"wp:featuredmedia":[{"embeddable":true,"href":"https:\/\/jornalnovametropole.com.br\/wp\/wp-json\/wp\/v2\/media\/2689"}],"wp:attachment":[{"href":"https:\/\/jornalnovametropole.com.br\/wp\/wp-json\/wp\/v2\/media?parent=2688"}],"wp:term":[{"taxonomy":"category","embeddable":true,"href":"https:\/\/jornalnovametropole.com.br\/wp\/wp-json\/wp\/v2\/categories?post=2688"},{"taxonomy":"post_tag","embeddable":true,"href":"https:\/\/jornalnovametropole.com.br\/wp\/wp-json\/wp\/v2\/tags?post=2688"}],"curies":[{"name":"wp","href":"https:\/\/api.w.org\/{rel}","templated":true}]}}