{"id":26779,"date":"2020-04-24T12:00:23","date_gmt":"2020-04-24T12:00:23","guid":{"rendered":"http:\/\/jornalnovametropole.com.br\/wp\/?p=26779"},"modified":"2020-04-24T12:00:23","modified_gmt":"2020-04-24T12:00:23","slug":"obras-do-projeto-habitacional-vila-dos-idosos-avanca","status":"publish","type":"post","link":"https:\/\/jornalnovametropole.com.br\/wp\/obras-do-projeto-habitacional-vila-dos-idosos-avanca\/","title":{"rendered":"Obras do Projeto Habitacional Vila dos Idosos avan\u00e7a"},"content":{"rendered":"<h3><a href=\"http:\/\/jornalnovametropole.com.br\/wp\/wp-content\/uploads\/2020\/04\/06-vila2-foto-Arquivo-PMI-2.jpg\"><img loading=\"lazy\" class=\"alignnone size-full wp-image-26780\" src=\"http:\/\/jornalnovametropole.com.br\/wp\/wp-content\/uploads\/2020\/04\/06-vila2-foto-Arquivo-PMI-2.jpg\" alt=\"06 - vila2 - foto Arquivo PMI (2)\" width=\"900\" height=\"675\" srcset=\"https:\/\/jornalnovametropole.com.br\/wp\/wp-content\/uploads\/2020\/04\/06-vila2-foto-Arquivo-PMI-2.jpg 900w, https:\/\/jornalnovametropole.com.br\/wp\/wp-content\/uploads\/2020\/04\/06-vila2-foto-Arquivo-PMI-2-300x225.jpg 300w\" sizes=\"(max-width: 900px) 100vw, 900px\" \/><\/a><\/h3>\n<h3><strong>Condom\u00ednio ser\u00e1 destinado \u00e0 popula\u00e7\u00e3o com idade superior a 60 anos<\/strong><\/h3>\n<p>A constru\u00e7\u00e3o do Residencial Vila dos Idosos avan\u00e7a e base das casas e \u00e1reas externas come\u00e7am a ser concretadas. O condom\u00ednio fechado localizado no Jardim Br\u00e9scia, ser\u00e1 composto por 40 Unidades Habitacionais destinadas a idosos solteiros ou casais a partir de 60 anos e que sejam independentes para a realiza\u00e7\u00e3o de tarefas do dia a dia. A Administra\u00e7\u00e3o Municipal investe R$ 4,5 milh\u00f5es no projeto habitacional, com recursos pr\u00f3prios. O prazo previsto para concluir a obra \u00e9 de 12 meses.<br \/>\nO Residencial Vila dos Idosos foi pensado pelo Prefeito Nilson Gaspar para beneficiar os idosos que t\u00eam uma renda insuficiente para financiar um im\u00f3vel. \u201c\u00c9 uma obra habitacional e social que tem como objetivo ajudar pessoas com mais de 60 anos, e que poder\u00e3o morar em um condom\u00ednio com excelente infraestrutura. Com esse projeto vamos beneficiar pessoas humildes, trabalhadoras que chegaram na terceira idade, e ainda dependem de aluguel\u201d, explicou.<br \/>\nA Vila ocupar\u00e1 uma \u00e1rea total de 8.049,84m\u00b2. Das 40 Unidades Habitacionais que ser\u00e3o disponibilizadas, quatro ser\u00e3o casas isoladas de 40,16m\u00b2 e as 36 restantes ser\u00e3o casas geminadas com \u00e1rea de 79,45m\u00b2, totalizando 1.590,74m\u00b2 de \u00e1rea constru\u00edda. Todas as unidades ser\u00e3o t\u00e9rreas e compostas de sala, cozinha, \u00e1rea de servi\u00e7o, banheiro acess\u00edvel e dormit\u00f3rio que pode acomodar um casal de idosos.<br \/>\nO condom\u00ednio contar\u00e1 com um Sal\u00e3o Comunit\u00e1rio de 228,36m\u00b2 com sala de enfermagem, sala que pode ser usada como consult\u00f3rio, sanit\u00e1rio, cozinha, \u00e1rea de servi\u00e7o e sanit\u00e1rios masculino, feminino e acess\u00edvel. A Guarita e depend\u00eancias administrativas ter\u00e3o 26,22m\u00b2.<br \/>\nO projeto \u00e9 baseado no \u2018Vila Dignidade\u2019, do Governo do Estado de S\u00e3o Paulo, mas com algumas melhorias necess\u00e1rias para oferecer mais qualidade de vida aos futuros moradores. A Vila dos Idosos tamb\u00e9m oferecer\u00e1 academia ao ar livre e uma \u00e1rea livre de pra\u00e7a para a realiza\u00e7\u00e3o de atividades, mesas de xadrez ou dama e um espa\u00e7o para red\u00e1rio caso os moradores queiram instalar redes para descanso. Na parte externa do condom\u00ednio ser\u00e3o disponibilizadas 22 vagas de estacionamento e um ponto de \u00f4nibus.<br \/>\nOs benefici\u00e1rios do projeto ser\u00e3o mutu\u00e1rios e quando, por algum motivo, deixarem os im\u00f3veis, as resid\u00eancias ser\u00e3o destinadas para outros idosos que integram o Cadastro Habitacional e que cumpram os crit\u00e9rios pr\u00e9-determinados pela Secretaria de Habita\u00e7\u00e3o. N\u00e3o ser\u00e3o admitidos outros moradores no condom\u00ednio, como dependentes ou cuidadores.<\/p>\n<p><span style=\"font-size: 8pt;\"><em>Fotos: Arquivo\/PMI<\/em><\/span><\/p>\n","protected":false},"excerpt":{"rendered":"<p>Condom\u00ednio ser\u00e1 destinado \u00e0 popula\u00e7\u00e3o com idade superior a 60 anos A constru\u00e7\u00e3o do Residencial Vila dos Idosos avan\u00e7a e<\/p>\n","protected":false},"author":3,"featured_media":26780,"comment_status":"closed","ping_status":"closed","sticky":false,"template":"","format":"standard","meta":[],"categories":[3],"tags":[5528],"_links":{"self":[{"href":"https:\/\/jornalnovametropole.com.br\/wp\/wp-json\/wp\/v2\/posts\/26779"}],"collection":[{"href":"https:\/\/jornalnovametropole.com.br\/wp\/wp-json\/wp\/v2\/posts"}],"about":[{"href":"https:\/\/jornalnovametropole.com.br\/wp\/wp-json\/wp\/v2\/types\/post"}],"author":[{"embeddable":true,"href":"https:\/\/jornalnovametropole.com.br\/wp\/wp-json\/wp\/v2\/users\/3"}],"replies":[{"embeddable":true,"href":"https:\/\/jornalnovametropole.com.br\/wp\/wp-json\/wp\/v2\/comments?post=26779"}],"version-history":[{"count":1,"href":"https:\/\/jornalnovametropole.com.br\/wp\/wp-json\/wp\/v2\/posts\/26779\/revisions"}],"predecessor-version":[{"id":26781,"href":"https:\/\/jornalnovametropole.com.br\/wp\/wp-json\/wp\/v2\/posts\/26779\/revisions\/26781"}],"wp:featuredmedia":[{"embeddable":true,"href":"https:\/\/jornalnovametropole.com.br\/wp\/wp-json\/wp\/v2\/media\/26780"}],"wp:attachment":[{"href":"https:\/\/jornalnovametropole.com.br\/wp\/wp-json\/wp\/v2\/media?parent=26779"}],"wp:term":[{"taxonomy":"category","embeddable":true,"href":"https:\/\/jornalnovametropole.com.br\/wp\/wp-json\/wp\/v2\/categories?post=26779"},{"taxonomy":"post_tag","embeddable":true,"href":"https:\/\/jornalnovametropole.com.br\/wp\/wp-json\/wp\/v2\/tags?post=26779"}],"curies":[{"name":"wp","href":"https:\/\/api.w.org\/{rel}","templated":true}]}}