{"id":26765,"date":"2020-04-20T20:36:20","date_gmt":"2020-04-20T20:36:20","guid":{"rendered":"http:\/\/jornalnovametropole.com.br\/wp\/?p=26765"},"modified":"2020-04-20T20:36:20","modified_gmt":"2020-04-20T20:36:20","slug":"unidades-de-saude-retomam-a-vacinacao-contra-a-gripe-na-quarta-feira-22","status":"publish","type":"post","link":"https:\/\/jornalnovametropole.com.br\/wp\/unidades-de-saude-retomam-a-vacinacao-contra-a-gripe-na-quarta-feira-22\/","title":{"rendered":"Unidades de Sa\u00fade retomam a vacina\u00e7\u00e3o contra a gripe na quarta-feira (22)"},"content":{"rendered":"<h3><a href=\"http:\/\/jornalnovametropole.com.br\/wp\/wp-content\/uploads\/2020\/04\/vacina-Pixabay-ulleo.jpg\"><img loading=\"lazy\" class=\"alignnone size-full wp-image-26766\" src=\"http:\/\/jornalnovametropole.com.br\/wp\/wp-content\/uploads\/2020\/04\/vacina-Pixabay-ulleo.jpg\" alt=\"vacina - Pixabay ulleo\" width=\"957\" height=\"599\" srcset=\"https:\/\/jornalnovametropole.com.br\/wp\/wp-content\/uploads\/2020\/04\/vacina-Pixabay-ulleo.jpg 957w, https:\/\/jornalnovametropole.com.br\/wp\/wp-content\/uploads\/2020\/04\/vacina-Pixabay-ulleo-300x188.jpg 300w\" sizes=\"(max-width: 957px) 100vw, 957px\" \/><\/a><\/h3>\n<h3><strong>De acordo com a Vigil\u00e2ncia Epidemiol\u00f3gica chegaram cerca de 8.700 doses<\/strong><\/h3>\n<p>A Prefeitura de Indaiatuba por meio da Secretaria de Sa\u00fade informa que recebeu da Secretaria da Sa\u00fade do Estado de SP um novo lote da vacina contra a gripe e dar\u00e1 continuidade a 22\u00aa Campanha Nacional de Vacina\u00e7\u00e3o contra a Influenza na quarta-feira (22) a partir das 7h30 em todas as Unidades de Sa\u00fade do Munic\u00edpio.<\/p>\n<p>De acordo com o Departamento de Vigil\u00e2ncia Epidemiol\u00f3gica chegaram cerca de 8.700 doses. Essa \u00e9 a segunda fase da Campanha destinada aos portadores de doen\u00e7as cr\u00f4nicas e outras condi\u00e7\u00f5es especiais; profissionais de seguran\u00e7a e salvamento; caminhoneiros; motoristas de transporte coletivo e portu\u00e1rios; funcion\u00e1rios do sistema prisional; popula\u00e7\u00e3o privada de liberdade e adolescentes e jovens de 12 a 21 anos sob medidas socioeducativas. Os idosos e profissionais de sa\u00fade que ainda n\u00e3o tomaram a vacina na primeira fase, continuam sendo vacinados.<\/p>\n<p>&nbsp;<\/p>\n<p><span style=\"font-size: 8pt;\"><em>Foto\u00a0Ulleo por Pixabay\u00a0<\/em><\/span><\/p>\n","protected":false},"excerpt":{"rendered":"<p>De acordo com a Vigil\u00e2ncia Epidemiol\u00f3gica chegaram cerca de 8.700 doses A Prefeitura de Indaiatuba por meio da Secretaria de<\/p>\n","protected":false},"author":3,"featured_media":26766,"comment_status":"closed","ping_status":"closed","sticky":false,"template":"","format":"standard","meta":[],"categories":[3],"tags":[5525],"_links":{"self":[{"href":"https:\/\/jornalnovametropole.com.br\/wp\/wp-json\/wp\/v2\/posts\/26765"}],"collection":[{"href":"https:\/\/jornalnovametropole.com.br\/wp\/wp-json\/wp\/v2\/posts"}],"about":[{"href":"https:\/\/jornalnovametropole.com.br\/wp\/wp-json\/wp\/v2\/types\/post"}],"author":[{"embeddable":true,"href":"https:\/\/jornalnovametropole.com.br\/wp\/wp-json\/wp\/v2\/users\/3"}],"replies":[{"embeddable":true,"href":"https:\/\/jornalnovametropole.com.br\/wp\/wp-json\/wp\/v2\/comments?post=26765"}],"version-history":[{"count":1,"href":"https:\/\/jornalnovametropole.com.br\/wp\/wp-json\/wp\/v2\/posts\/26765\/revisions"}],"predecessor-version":[{"id":26767,"href":"https:\/\/jornalnovametropole.com.br\/wp\/wp-json\/wp\/v2\/posts\/26765\/revisions\/26767"}],"wp:featuredmedia":[{"embeddable":true,"href":"https:\/\/jornalnovametropole.com.br\/wp\/wp-json\/wp\/v2\/media\/26766"}],"wp:attachment":[{"href":"https:\/\/jornalnovametropole.com.br\/wp\/wp-json\/wp\/v2\/media?parent=26765"}],"wp:term":[{"taxonomy":"category","embeddable":true,"href":"https:\/\/jornalnovametropole.com.br\/wp\/wp-json\/wp\/v2\/categories?post=26765"},{"taxonomy":"post_tag","embeddable":true,"href":"https:\/\/jornalnovametropole.com.br\/wp\/wp-json\/wp\/v2\/tags?post=26765"}],"curies":[{"name":"wp","href":"https:\/\/api.w.org\/{rel}","templated":true}]}}