{"id":26733,"date":"2020-04-17T11:35:53","date_gmt":"2020-04-17T11:35:53","guid":{"rendered":"http:\/\/jornalnovametropole.com.br\/wp\/?p=26733"},"modified":"2020-04-17T11:35:53","modified_gmt":"2020-04-17T11:35:53","slug":"vacina-contra-a-gripe-esta-esgotada-nas-unidades-de-saude-de-indaiatuba","status":"publish","type":"post","link":"https:\/\/jornalnovametropole.com.br\/wp\/vacina-contra-a-gripe-esta-esgotada-nas-unidades-de-saude-de-indaiatuba\/","title":{"rendered":"Vacina contra a gripe est\u00e1 esgotada nas Unidades de Sa\u00fade de Indaiatuba"},"content":{"rendered":"<h3><strong>Novo lote estar\u00e1 nas Unidades de Sa\u00fade a partir de quarta-feira (22)<\/strong><\/h3>\n<p>A Prefeitura de Indaiatuba por meio da Secretaria de Sa\u00fade informa que est\u00e3o esgotadas as vacinas contra a gripe em todas as Unidades de Sa\u00fade. O Estado de SP \u00e9 o respons\u00e1vel pelo envio das doses aos munic\u00edpios e h\u00e1 previs\u00e3o de chegada de um novo lote em Indaiatuba \u00e9 para quarta-feira (22). O munic\u00edpio j\u00e1 recebeu cerca de 30 mil doses.<\/p>\n<p>A partir de hoje come\u00e7a a segunda fase da Campanha, no entanto em Indaiatuba ser\u00e1 iniciada ap\u00f3s o recebimento de novas doses. Essa fase \u00e9 destinada aos portadores de doen\u00e7as cr\u00f4nicas e outras condi\u00e7\u00f5es especiais; profissionais de seguran\u00e7a e salvamento; caminhoneiros; motoristas de transporte coletivo e portu\u00e1rios; funcion\u00e1rios do sistema prisional; popula\u00e7\u00e3o privada de liberdade e adolescentes e jovens de 12 a 21 anos sob medidas socioeducativas.<\/p>\n<p>A terceira fase ser\u00e1 a partir do dia 9 de maio para crian\u00e7as de 6 meses a menores de 6 anos, gestantes, pu\u00e9rperas; professores das escolas p\u00fablicas e privadas; pessoas com defici\u00eancia e adultos de 55 a 59 anos de idade.<\/p>\n<p><span style=\"font-size: 8pt;\"><em>Foto:\u00a0Pixabay &#8211; Qimono<\/em><\/span><\/p>\n","protected":false},"excerpt":{"rendered":"<p>Novo lote estar\u00e1 nas Unidades de Sa\u00fade a partir de quarta-feira (22) A Prefeitura de Indaiatuba por meio da Secretaria<\/p>\n","protected":false},"author":3,"featured_media":26665,"comment_status":"closed","ping_status":"closed","sticky":false,"template":"","format":"standard","meta":[],"categories":[16],"tags":[5514],"_links":{"self":[{"href":"https:\/\/jornalnovametropole.com.br\/wp\/wp-json\/wp\/v2\/posts\/26733"}],"collection":[{"href":"https:\/\/jornalnovametropole.com.br\/wp\/wp-json\/wp\/v2\/posts"}],"about":[{"href":"https:\/\/jornalnovametropole.com.br\/wp\/wp-json\/wp\/v2\/types\/post"}],"author":[{"embeddable":true,"href":"https:\/\/jornalnovametropole.com.br\/wp\/wp-json\/wp\/v2\/users\/3"}],"replies":[{"embeddable":true,"href":"https:\/\/jornalnovametropole.com.br\/wp\/wp-json\/wp\/v2\/comments?post=26733"}],"version-history":[{"count":1,"href":"https:\/\/jornalnovametropole.com.br\/wp\/wp-json\/wp\/v2\/posts\/26733\/revisions"}],"predecessor-version":[{"id":26734,"href":"https:\/\/jornalnovametropole.com.br\/wp\/wp-json\/wp\/v2\/posts\/26733\/revisions\/26734"}],"wp:featuredmedia":[{"embeddable":true,"href":"https:\/\/jornalnovametropole.com.br\/wp\/wp-json\/wp\/v2\/media\/26665"}],"wp:attachment":[{"href":"https:\/\/jornalnovametropole.com.br\/wp\/wp-json\/wp\/v2\/media?parent=26733"}],"wp:term":[{"taxonomy":"category","embeddable":true,"href":"https:\/\/jornalnovametropole.com.br\/wp\/wp-json\/wp\/v2\/categories?post=26733"},{"taxonomy":"post_tag","embeddable":true,"href":"https:\/\/jornalnovametropole.com.br\/wp\/wp-json\/wp\/v2\/tags?post=26733"}],"curies":[{"name":"wp","href":"https:\/\/api.w.org\/{rel}","templated":true}]}}