{"id":26725,"date":"2020-04-17T11:18:54","date_gmt":"2020-04-17T11:18:54","guid":{"rendered":"http:\/\/jornalnovametropole.com.br\/wp\/?p=26725"},"modified":"2020-04-17T11:18:54","modified_gmt":"2020-04-17T11:18:54","slug":"cpfl-energia-inicia-isencao-de-tarifa-de-energia-para-clientes-cadastrados-como-baixa-renda","status":"publish","type":"post","link":"https:\/\/jornalnovametropole.com.br\/wp\/cpfl-energia-inicia-isencao-de-tarifa-de-energia-para-clientes-cadastrados-como-baixa-renda\/","title":{"rendered":"CPFL Energia inicia isen\u00e7\u00e3o de tarifa de energia para clientes cadastrados como baixa renda"},"content":{"rendered":"<p><a href=\"http:\/\/jornalnovametropole.com.br\/wp\/wp-content\/uploads\/2020\/04\/CPFL.jpeg\"><img loading=\"lazy\" class=\"alignnone size-full wp-image-26726\" src=\"http:\/\/jornalnovametropole.com.br\/wp\/wp-content\/uploads\/2020\/04\/CPFL.jpeg\" alt=\"CPFL\" width=\"640\" height=\"400\" srcset=\"https:\/\/jornalnovametropole.com.br\/wp\/wp-content\/uploads\/2020\/04\/CPFL.jpeg 640w, https:\/\/jornalnovametropole.com.br\/wp\/wp-content\/uploads\/2020\/04\/CPFL-300x188.jpeg 300w\" sizes=\"(max-width: 640px) 100vw, 640px\" \/><\/a><\/p>\n<p>A CPFL Energia informa que iniciou a aplica\u00e7\u00e3o do desconto de 100% nas contas de energia dos clientes cadastrados na tarifa social, conforme descrito na Medida Provis\u00f3ria n\u00b0 950, oficializada pelo Governo Federal em\u00a0 8 de abril. Trata-se da isen\u00e7\u00e3o da tarifa de energia &#8211; exceto taxas e impostos &#8211; dos clientes\u00a0 enquadrados como baixa renda, que tenham consumo mensal de at\u00e9 220kWh entre 1 de abril e\u00a030 de junho.\u00a0 O consumo excedente a esses 220kWh ser\u00e1 cobrado normalmente.<\/p>\n<p>\u201cEssa medida visa contribuir para amenizar os impactos da pandemia por coronav\u00edrus no Pa\u00eds e vai beneficiar as 424 mil pessoas inscritas na tarifa social na \u00e1rea de concess\u00e3o das distribuidoras do grupo CPFL Energia (CPFL Paulista, CPFL Piratininga, CPFL Santa Cruz e RGE)\u201d, refor\u00e7a Rafael Lazzaretti, Diretor Comercial da empresa.<\/p>\n<p>Para ser enquadrado na categoria Baixa Renda, o consumidor precisa ter renda mensal per capita de, no m\u00e1ximo, meio sal\u00e1rio m\u00ednimo. Al\u00e9m disso, dever\u00e1 atender a pelo menos uma das seguintes condi\u00e7\u00f5es: participar do programa Aux\u00edlio-G\u00e1s e\/ou estar cadastrado como benefici\u00e1rio dos programas Bolsa Escola ou Bolsa Fam\u00edlia. Para se cadastrar nos programas de Auxilio-G\u00e1s, Bolsa Escola ou Fam\u00edlia, o cliente deve procurar a prefeitura do municipio onde reside.<\/p>\n<p>Caso o cliente se enquadre nos requisitos, dever\u00e1 tamb\u00e9m se cadastrar na distribuidora, por meio dos canais digitais <a href=\"http:\/\/www.cpfl.com.br\/\">www.cpfl.com.br<\/a> (<a href=\"https:\/\/www.cpfl.com.br\/atendimento-a-consumidores\/produtos-e-servicos\/Paginas\/cadastramento-de-baixa-renda.aspx\">https:\/\/www.cpfl.com.br\/atendimento-a-consumidores\/produtos-e-servicos\/Paginas\/cadastramento-de-baixa-renda.aspx<\/a>) ou pelo aplicativo CPFL Energia. Basta informar os documentos e comprovantes socilitados.<\/p>\n<p>&nbsp;<\/p>\n<p><strong>Como se cadastrar<\/strong><\/p>\n<p>Para se cadastrar nas distribuidoras do grupo CPFL Energia (CPFL Santa Cruz, CPFL Piratininga, CPFL Paulista e RGE) como Baixa Renda, \u00e9 necess\u00e1rio estar cadastrado primeiramente em um dos programas mencionados abaixo e informar os documentos necess\u00e1rios. Al\u00e9m disso, obrigatoriamente, a conta de energia deve estar no nome do titular do benef\u00edcio.<\/p>\n<p>\u2022 NIS (cadastrado no Programa Bolsa Fam\u00edlia) ou NB (cadastrado no BPC);<\/p>\n<p>\u2022 Programa Bolsa Fam\u00edlia (neste caso, informar o NIS &#8211; N\u00famero de Identifica\u00e7\u00e3o Social);<\/p>\n<p>\u2022 BPC (Benef\u00edcio de Presta\u00e7\u00e3o Continuada) \u2013 neste caso, informar o NB (N\u00famero do Benef\u00edcio);<\/p>\n<p>\u2022 Fam\u00edlia inscrita no \u201cCadastro \u00danico\u201d para Programas Sociais do Governo Federal, com renda familiar mensal per capita menor ou igual a meio sal\u00e1rio m\u00ednimo nacional ou;<\/p>\n<p>\u2022 Quem receba o Benef\u00edcio da Presta\u00e7\u00e3o Continuada da Assist\u00eancia Social \u2013 BPC, nos termos dos Art. 20 e 21 da Lei n\u00ba. 8742, de 7 de dezembro de 1993;<\/p>\n<p>\u2022 Fam\u00edlia inscrita no Cadastro \u00danico com renda mensal de at\u00e9 tr\u00eas sal\u00e1rios m\u00ednimos, que tenha portador de doen\u00e7a ou patologia cujo tratamento ou procedimento m\u00e9dico requeira o uso continuado de aparelhos, equipamentos ou instrumentos que, para o seu funcionamento, demandem consumo de energia el\u00e9trica;<\/p>\n<p>\u2022 Fam\u00edlia de \u00cdndios ou Quilombolas inscritos no Cadastro \u00danico para Programas Sociais do Governo Federal.<\/p>\n","protected":false},"excerpt":{"rendered":"<p>A CPFL Energia informa que iniciou a aplica\u00e7\u00e3o do desconto de 100% nas contas de energia dos clientes cadastrados na<\/p>\n","protected":false},"author":3,"featured_media":26726,"comment_status":"closed","ping_status":"closed","sticky":false,"template":"","format":"standard","meta":[],"categories":[3],"tags":[5512],"_links":{"self":[{"href":"https:\/\/jornalnovametropole.com.br\/wp\/wp-json\/wp\/v2\/posts\/26725"}],"collection":[{"href":"https:\/\/jornalnovametropole.com.br\/wp\/wp-json\/wp\/v2\/posts"}],"about":[{"href":"https:\/\/jornalnovametropole.com.br\/wp\/wp-json\/wp\/v2\/types\/post"}],"author":[{"embeddable":true,"href":"https:\/\/jornalnovametropole.com.br\/wp\/wp-json\/wp\/v2\/users\/3"}],"replies":[{"embeddable":true,"href":"https:\/\/jornalnovametropole.com.br\/wp\/wp-json\/wp\/v2\/comments?post=26725"}],"version-history":[{"count":2,"href":"https:\/\/jornalnovametropole.com.br\/wp\/wp-json\/wp\/v2\/posts\/26725\/revisions"}],"predecessor-version":[{"id":26728,"href":"https:\/\/jornalnovametropole.com.br\/wp\/wp-json\/wp\/v2\/posts\/26725\/revisions\/26728"}],"wp:featuredmedia":[{"embeddable":true,"href":"https:\/\/jornalnovametropole.com.br\/wp\/wp-json\/wp\/v2\/media\/26726"}],"wp:attachment":[{"href":"https:\/\/jornalnovametropole.com.br\/wp\/wp-json\/wp\/v2\/media?parent=26725"}],"wp:term":[{"taxonomy":"category","embeddable":true,"href":"https:\/\/jornalnovametropole.com.br\/wp\/wp-json\/wp\/v2\/categories?post=26725"},{"taxonomy":"post_tag","embeddable":true,"href":"https:\/\/jornalnovametropole.com.br\/wp\/wp-json\/wp\/v2\/tags?post=26725"}],"curies":[{"name":"wp","href":"https:\/\/api.w.org\/{rel}","templated":true}]}}