{"id":26633,"date":"2020-04-02T17:20:38","date_gmt":"2020-04-02T17:20:38","guid":{"rendered":"http:\/\/jornalnovametropole.com.br\/wp\/?p=26633"},"modified":"2020-04-03T13:45:00","modified_gmt":"2020-04-03T13:45:00","slug":"atualizacao-covid-19-data-242020","status":"publish","type":"post","link":"https:\/\/jornalnovametropole.com.br\/wp\/atualizacao-covid-19-data-242020\/","title":{"rendered":"ATUALIZA\u00c7\u00c3O COVID-19  &#8211; Data 2\/4\/2020"},"content":{"rendered":"<p>Mais um \u00f3bito suspeito para Covid-19 foi registrado na manh\u00e3 de hoje, quinta-feira (2). Trata-se de um homem de 47 anos asm\u00e1tico, internou na tarde de quarta-feira (1) no Haoc sem febre com dificuldade respirat\u00f3ria, coletou material como suspeita de Coronav\u00edrus e foi a \u00f3bito na manh\u00e3 de hoje.<\/p>\n<p>&nbsp;<\/p>\n<p>SITUA\u00c7\u00c3O EPIDEMIOL\u00d3GICA<br \/>\n131 notificados<br \/>\n02 casos confirmados<br \/>\n26 casos descartados<br \/>\n103 aguardando resultado<br \/>\n03 casos suspeitos interna\u00e7\u00e3o cl\u00ednica<br \/>\n02 casos suspeitos em UTI<br \/>\n06 \u00f3bitos com suspeitas covid-19<br \/>\n00 \u00f3bitos confirmados<\/p>\n<p><a href=\"http:\/\/jornalnovametropole.com.br\/wp\/wp-content\/uploads\/2020\/04\/Novo-2-4-2020-Informativo-Epidemiol\u00f3gico.png\"><img loading=\"lazy\" class=\"alignnone size-large wp-image-26636\" src=\"http:\/\/jornalnovametropole.com.br\/wp\/wp-content\/uploads\/2020\/04\/Novo-2-4-2020-Informativo-Epidemiol\u00f3gico-778x1024.png\" alt=\"Novo - 2-4-2020 - Informativo Epidemiol\u00f3gico\" width=\"485\" height=\"638\" srcset=\"https:\/\/jornalnovametropole.com.br\/wp\/wp-content\/uploads\/2020\/04\/Novo-2-4-2020-Informativo-Epidemiol\u00f3gico-778x1024.png 778w, https:\/\/jornalnovametropole.com.br\/wp\/wp-content\/uploads\/2020\/04\/Novo-2-4-2020-Informativo-Epidemiol\u00f3gico-228x300.png 228w, https:\/\/jornalnovametropole.com.br\/wp\/wp-content\/uploads\/2020\/04\/Novo-2-4-2020-Informativo-Epidemiol\u00f3gico.png 872w\" sizes=\"(max-width: 485px) 100vw, 485px\" \/><\/a><\/p>\n","protected":false},"excerpt":{"rendered":"<p>Mais um \u00f3bito suspeito para Covid-19 foi registrado na manh\u00e3 de hoje, quinta-feira (2). Trata-se de um homem de 47<\/p>\n","protected":false},"author":3,"featured_media":26636,"comment_status":"closed","ping_status":"closed","sticky":false,"template":"","format":"standard","meta":[],"categories":[3],"tags":[5479,5483,5482,5480,5481],"_links":{"self":[{"href":"https:\/\/jornalnovametropole.com.br\/wp\/wp-json\/wp\/v2\/posts\/26633"}],"collection":[{"href":"https:\/\/jornalnovametropole.com.br\/wp\/wp-json\/wp\/v2\/posts"}],"about":[{"href":"https:\/\/jornalnovametropole.com.br\/wp\/wp-json\/wp\/v2\/types\/post"}],"author":[{"embeddable":true,"href":"https:\/\/jornalnovametropole.com.br\/wp\/wp-json\/wp\/v2\/users\/3"}],"replies":[{"embeddable":true,"href":"https:\/\/jornalnovametropole.com.br\/wp\/wp-json\/wp\/v2\/comments?post=26633"}],"version-history":[{"count":1,"href":"https:\/\/jornalnovametropole.com.br\/wp\/wp-json\/wp\/v2\/posts\/26633\/revisions"}],"predecessor-version":[{"id":26639,"href":"https:\/\/jornalnovametropole.com.br\/wp\/wp-json\/wp\/v2\/posts\/26633\/revisions\/26639"}],"wp:featuredmedia":[{"embeddable":true,"href":"https:\/\/jornalnovametropole.com.br\/wp\/wp-json\/wp\/v2\/media\/26636"}],"wp:attachment":[{"href":"https:\/\/jornalnovametropole.com.br\/wp\/wp-json\/wp\/v2\/media?parent=26633"}],"wp:term":[{"taxonomy":"category","embeddable":true,"href":"https:\/\/jornalnovametropole.com.br\/wp\/wp-json\/wp\/v2\/categories?post=26633"},{"taxonomy":"post_tag","embeddable":true,"href":"https:\/\/jornalnovametropole.com.br\/wp\/wp-json\/wp\/v2\/tags?post=26633"}],"curies":[{"name":"wp","href":"https:\/\/api.w.org\/{rel}","templated":true}]}}