{"id":26500,"date":"2020-03-27T09:00:12","date_gmt":"2020-03-27T09:00:12","guid":{"rendered":"http:\/\/jornalnovametropole.com.br\/wp\/?p=26500"},"modified":"2020-03-26T18:23:52","modified_gmt":"2020-03-26T18:23:52","slug":"transporte-publico-opera-com-itinerario-de-domingo","status":"publish","type":"post","link":"https:\/\/jornalnovametropole.com.br\/wp\/transporte-publico-opera-com-itinerario-de-domingo\/","title":{"rendered":"Transporte P\u00fablico Opera com itiner\u00e1rio de domingo"},"content":{"rendered":"<p><a href=\"http:\/\/jornalnovametropole.com.br\/wp\/wp-content\/uploads\/2020\/03\/Sou-onibus.jpg\"><img loading=\"lazy\" class=\"alignnone  wp-image-26501\" src=\"http:\/\/jornalnovametropole.com.br\/wp\/wp-content\/uploads\/2020\/03\/Sou-onibus-300x199.jpg\" alt=\"Divulga\u00e7\u00e3o\" width=\"432\" height=\"286\" srcset=\"https:\/\/jornalnovametropole.com.br\/wp\/wp-content\/uploads\/2020\/03\/Sou-onibus-300x199.jpg 300w, https:\/\/jornalnovametropole.com.br\/wp\/wp-content\/uploads\/2020\/03\/Sou-onibus.jpg 1000w\" sizes=\"(max-width: 432px) 100vw, 432px\" \/><\/a><\/p>\n<p><strong>Locais p\u00fablicos passaram por desinfec\u00e7\u00e3o<\/strong><\/p>\n<p>A Prefeitura de Indaiatuba informou o funcionamento do Transporte P\u00fablico desde \u00e0 0h da ter\u00e7a-feira (24) como estrat\u00e9gia de enfrentamento ao Novo Coronav\u00edrus (Covid-19). De acordo com a empresa SOU Indaiatuba o atendimento ser\u00e1 mantido com o itiner\u00e1rio de domingo, o que representa aproximadamente 45% da frota total. Nos picos da manh\u00e3 e tarde ser\u00e3o 29 ve\u00edculos e no entrepico ter\u00e3o 17 ve\u00edculos, podendo acrescentar carros se houver necessidade. O atendimento da SOU no Terminal acontece atualmente de segunda a sexta-feira, das 10h \u00e0s 15h.<br \/>\nA Secretaria de Servi\u00e7os Urbanos e Meio Ambiente realizou na ter\u00e7a-feira (24) \u00e0 noite, uma desinfec\u00e7\u00e3o nos espa\u00e7os p\u00fablicos com uma solu\u00e7\u00e3o de 1% de hipoclorito. Passaram pelo processo as pra\u00e7as, pontos de \u00f4nibus, cemit\u00e9rios, rodovi\u00e1ria, academias e equipamentos de alongamento, \u00e1rea comum de Postos de Sa\u00fade, UPA e Haoc.<br \/>\nA Zona Azul est\u00e1 suspensa em toda a cidade desde ter\u00e7a-feira (24).<br \/>\nA \u00c1rea de Lazer do Parque do Mirim est\u00e1 fechada tamb\u00e9m desde a ter\u00e7a-feira (24), e o Parque da Crian\u00e7a se encontra totalmente fechado desde o dia 25.<\/p>\n<p><strong>Servi\u00e7os<\/strong><br \/>\nO ponto de atendimento no Terminal Rodovi\u00e1rio de Indaiatuba est\u00e1 funcionando de segunda a sexta-feira, das 10h \u00e0s 15h.<br \/>\nOs servi\u00e7os de atendimento ao Vale Transporte, bem como a verifica\u00e7\u00e3o de saldo, bloqueios e desbloqueios de cart\u00e3o, poder\u00e3o ser realizados atrav\u00e9s do telefone (19) 97414-9323 ou e-mail vt@souindaiatuba.com.br. Acesse o site www.souindaiatuba.com.br para consulta de tabelas de hor\u00e1rios, ou pelo App Sou Sancetur.<\/p>\n<p>&nbsp;<\/p>\n<p><em>Foto: Divulga\u00e7\u00e3o<\/em><\/p>\n","protected":false},"excerpt":{"rendered":"<p>Locais p\u00fablicos passaram por desinfec\u00e7\u00e3o A Prefeitura de Indaiatuba informou o funcionamento do Transporte P\u00fablico desde \u00e0 0h da ter\u00e7a-feira<\/p>\n","protected":false},"author":4,"featured_media":26501,"comment_status":"closed","ping_status":"closed","sticky":false,"template":"","format":"standard","meta":[],"categories":[3],"tags":[5443],"_links":{"self":[{"href":"https:\/\/jornalnovametropole.com.br\/wp\/wp-json\/wp\/v2\/posts\/26500"}],"collection":[{"href":"https:\/\/jornalnovametropole.com.br\/wp\/wp-json\/wp\/v2\/posts"}],"about":[{"href":"https:\/\/jornalnovametropole.com.br\/wp\/wp-json\/wp\/v2\/types\/post"}],"author":[{"embeddable":true,"href":"https:\/\/jornalnovametropole.com.br\/wp\/wp-json\/wp\/v2\/users\/4"}],"replies":[{"embeddable":true,"href":"https:\/\/jornalnovametropole.com.br\/wp\/wp-json\/wp\/v2\/comments?post=26500"}],"version-history":[{"count":2,"href":"https:\/\/jornalnovametropole.com.br\/wp\/wp-json\/wp\/v2\/posts\/26500\/revisions"}],"predecessor-version":[{"id":26542,"href":"https:\/\/jornalnovametropole.com.br\/wp\/wp-json\/wp\/v2\/posts\/26500\/revisions\/26542"}],"wp:featuredmedia":[{"embeddable":true,"href":"https:\/\/jornalnovametropole.com.br\/wp\/wp-json\/wp\/v2\/media\/26501"}],"wp:attachment":[{"href":"https:\/\/jornalnovametropole.com.br\/wp\/wp-json\/wp\/v2\/media?parent=26500"}],"wp:term":[{"taxonomy":"category","embeddable":true,"href":"https:\/\/jornalnovametropole.com.br\/wp\/wp-json\/wp\/v2\/categories?post=26500"},{"taxonomy":"post_tag","embeddable":true,"href":"https:\/\/jornalnovametropole.com.br\/wp\/wp-json\/wp\/v2\/tags?post=26500"}],"curies":[{"name":"wp","href":"https:\/\/api.w.org\/{rel}","templated":true}]}}