{"id":26465,"date":"2020-03-23T11:27:47","date_gmt":"2020-03-23T11:27:47","guid":{"rendered":"http:\/\/jornalnovametropole.com.br\/wp\/?p=26465"},"modified":"2020-03-23T11:27:47","modified_gmt":"2020-03-23T11:27:47","slug":"inss-e-caixa-anunciam-medidas-para-enfrentamento-da-pandemia-de-coronavirus","status":"publish","type":"post","link":"https:\/\/jornalnovametropole.com.br\/wp\/inss-e-caixa-anunciam-medidas-para-enfrentamento-da-pandemia-de-coronavirus\/","title":{"rendered":"INSS e Caixa anunciam medidas para enfrentamento da Pandemia de Coronavirus"},"content":{"rendered":"<p><a href=\"http:\/\/jornalnovametropole.com.br\/wp\/wp-content\/uploads\/2020\/03\/mini_caixa-economica.jpeg\"><img loading=\"lazy\" class=\"alignnone size-full wp-image-26467\" src=\"http:\/\/jornalnovametropole.com.br\/wp\/wp-content\/uploads\/2020\/03\/mini_caixa-economica.jpeg\" alt=\"mini_caixa-economica\" width=\"400\" height=\"300\" srcset=\"https:\/\/jornalnovametropole.com.br\/wp\/wp-content\/uploads\/2020\/03\/mini_caixa-economica.jpeg 400w, https:\/\/jornalnovametropole.com.br\/wp\/wp-content\/uploads\/2020\/03\/mini_caixa-economica-300x225.jpeg 300w\" sizes=\"(max-width: 400px) 100vw, 400px\" \/><\/a><\/p>\n<p>A Caixa Econ\u00f4mica Federal e o INSS (Instituto Nacional do Social) anunciaram importantes medidas para o enfrentamento da pandemia do novo coronav\u00edrus. O INSS suspendeu o atendimento nas ag\u00eancias pelo per\u00edodo de 15 dias, segundo medida publicada no Di\u00e1rio Oficial da Uni\u00e3o, na quarta-feira (18).<\/p>\n<p>J\u00e1 a Caixa Econ\u00f4mica Federal anunciou nesta quinta-feira (19) um pacote de medidas de redu\u00e7\u00e3o das taxas de juros, pausa de pagamentos dos empr\u00e9stimos e linhas de cr\u00e9dito facilitadas para empresas do com\u00e9rcio e servi\u00e7os. A Caixa tamb\u00e9m liberou uma linha de cr\u00e9dito de R$ 3 bilh\u00f5es para Santas Casas e Hospitais Filantr\u00f3picos que prestam servi\u00e7o ao SUS.<\/p>\n<p><em><strong>Confira:<\/strong><\/em><\/p>\n<p><em><strong>INSS<\/strong><\/em><br \/>\nSer\u00e3o mantidos apenas os atendimentos agendados para os seguintes servi\u00e7os: cumprimento de exig\u00eancias de requerimentos de benef\u00edcios previdenci\u00e1rios e assistenciais; per\u00edcias m\u00e9dicas previdenci\u00e1rias e pareceres sociais dos benef\u00edcios previdenci\u00e1rios e assistenciais.<\/p>\n<p>O INSS refor\u00e7a que para ter acesso aos servi\u00e7os, pedir benef\u00edcios e obter informa\u00e7\u00f5es os segurados podem acessar o Meu INSS atrav\u00e9s do link www.gov.br\/meuinss ou ligar para a Central 135, que funciona de segunda a s\u00e1bado de 7h \u00e0s 22h horas. O secret\u00e1rio especial de Previd\u00eancia e Trabalho do Minist\u00e9rio da Economia, Bruno Bianco, refor\u00e7a que os segurados devem evitar ao m\u00e1ximo se dirigir at\u00e9 uma ag\u00eancia nesse per\u00edodo. O governo ainda suspendeu por 120 dias a prova de vida dos benefici\u00e1rios do INSS, medida que deve valer at\u00e9 setembro.<\/p>\n<p><em><strong>CAIXA<\/strong><\/em><br \/>\n&#8211; Pausa de at\u00e9 60 dias no pagamento das parcelas de contratos de CDC, Cr\u00e9dito Pessoal e Habita\u00e7\u00e3o, bem como na renova\u00e7\u00e3o do consignado.<\/p>\n<p>&#8211; Redu\u00e7\u00e3o de taxa de juros do Cr\u00e9dito Consignado (a partir de 0,99% a.m.), Penhor (a partir de 1,99% a.m.) e CDC (a partir de 2,17% a.m.).<\/p>\n<p>&#8211; Disponibiliza\u00e7\u00e3o de cart\u00f5es de d\u00e9bito virtuais para os clientes Caixa.<\/p>\n<p>&#8211; No Cr\u00e9dito habitacional ser\u00e1 poss\u00edvel solicitar a pausa de at\u00e9 duas presta\u00e7\u00f5es pelo APP Habita\u00e7\u00e3o CAIXA, sem a necessidade de comparecimento \u00e0s ag\u00eancias.<\/p>\n<p>&#8211; Redu\u00e7\u00e3o de juros de at\u00e9 45% no Capital de Giro, com taxas a partir de 0,57% a.m., para a sua empresa ficar em dia com o pagamento de funcion\u00e1rios, fornecedores e aluguel.<\/p>\n<p>&#8211; Pausa de at\u00e9 60 dias no pagamento das parcelas do Capital de Giro e na renegocia\u00e7\u00e3o dos contratos de cr\u00e9dito da empresa.<\/p>\n<p>&#8211; Disponibiliza\u00e7\u00e3o de linhas de cr\u00e9dito especiais, com at\u00e9 6 meses de car\u00eancia, para empresas que atuam nos setores de com\u00e9rcio e presta\u00e7\u00e3o de servi\u00e7os, mais afetadas pelo momento atual.<\/p>\n<p>&#8211; Linhas de financiamento de m\u00e1quinas e equipamentos com taxas reduzidas, 6 meses de car\u00eancia e prazo de at\u00e9 60 meses para pagar.<\/p>\n<p>&nbsp;<\/p>\n<p><span style=\"font-size: 8pt;\"><em>Foto: RIC\/PMI<\/em><\/span><\/p>\n","protected":false},"excerpt":{"rendered":"<p>A Caixa Econ\u00f4mica Federal e o INSS (Instituto Nacional do Social) anunciaram importantes medidas para o enfrentamento da pandemia do<\/p>\n","protected":false},"author":3,"featured_media":26467,"comment_status":"closed","ping_status":"closed","sticky":false,"template":"","format":"standard","meta":[],"categories":[3],"tags":[5430],"_links":{"self":[{"href":"https:\/\/jornalnovametropole.com.br\/wp\/wp-json\/wp\/v2\/posts\/26465"}],"collection":[{"href":"https:\/\/jornalnovametropole.com.br\/wp\/wp-json\/wp\/v2\/posts"}],"about":[{"href":"https:\/\/jornalnovametropole.com.br\/wp\/wp-json\/wp\/v2\/types\/post"}],"author":[{"embeddable":true,"href":"https:\/\/jornalnovametropole.com.br\/wp\/wp-json\/wp\/v2\/users\/3"}],"replies":[{"embeddable":true,"href":"https:\/\/jornalnovametropole.com.br\/wp\/wp-json\/wp\/v2\/comments?post=26465"}],"version-history":[{"count":1,"href":"https:\/\/jornalnovametropole.com.br\/wp\/wp-json\/wp\/v2\/posts\/26465\/revisions"}],"predecessor-version":[{"id":26468,"href":"https:\/\/jornalnovametropole.com.br\/wp\/wp-json\/wp\/v2\/posts\/26465\/revisions\/26468"}],"wp:featuredmedia":[{"embeddable":true,"href":"https:\/\/jornalnovametropole.com.br\/wp\/wp-json\/wp\/v2\/media\/26467"}],"wp:attachment":[{"href":"https:\/\/jornalnovametropole.com.br\/wp\/wp-json\/wp\/v2\/media?parent=26465"}],"wp:term":[{"taxonomy":"category","embeddable":true,"href":"https:\/\/jornalnovametropole.com.br\/wp\/wp-json\/wp\/v2\/categories?post=26465"},{"taxonomy":"post_tag","embeddable":true,"href":"https:\/\/jornalnovametropole.com.br\/wp\/wp-json\/wp\/v2\/tags?post=26465"}],"curies":[{"name":"wp","href":"https:\/\/api.w.org\/{rel}","templated":true}]}}