{"id":26407,"date":"2020-03-17T16:38:32","date_gmt":"2020-03-17T16:38:32","guid":{"rendered":"http:\/\/jornalnovametropole.com.br\/wp\/?p=26407"},"modified":"2020-03-17T16:39:04","modified_gmt":"2020-03-17T16:39:04","slug":"nota-na-04-prefeitura-divulga-novas-medidas-de-enfrentamento-ao-novo-coronavirus","status":"publish","type":"post","link":"https:\/\/jornalnovametropole.com.br\/wp\/nota-na-04-prefeitura-divulga-novas-medidas-de-enfrentamento-ao-novo-coronavirus\/","title":{"rendered":"NOTA N\u00aa 04 \u2013 Prefeitura divulga novas medidas de enfrentamento ao Novo Coronav\u00edrus"},"content":{"rendered":"<p><span style=\"font-size: 10px;\"><em>\u00a0Publica\u00e7\u00e3o: 17\/03\/2020\u00a013h38<\/em><\/span><\/p>\n<p>Seguindo orienta\u00e7\u00f5es do Governo do Estado de S\u00e3o Paulo e Minist\u00e9rio da Sa\u00fade de evitar aglomera\u00e7\u00f5es e prevenir a dissemina\u00e7\u00e3o do Novo Coronav\u00edrus (Covid-19) a Prefeitura de Indaiatuba por meio do Comit\u00ea de Enfrentamento e Preven\u00e7\u00e3o ao Covid-19 junto com o prefeito, Nilson Gaspar (MDB) tra\u00e7a medidas de conten\u00e7\u00e3o da pandemia. Em concord\u00e2ncia com as diretrizes federais de isolamento social, orientamos que as pessoas se movimentem somente para as atividades essenciais. Salientamos que em Indaiatuba n\u00e3o h\u00e1 nenhum caso confirmado da doen\u00e7a e est\u00e3o em investiga\u00e7\u00e3o 32 casos suspeitos.<br \/>\nO Prefeito tamb\u00e9m destaca que o momento \u00e9 de colabora\u00e7\u00e3o de todos. \u201cPe\u00e7o a colabora\u00e7\u00e3o da popula\u00e7\u00e3o e que nesse momento tenhamos calma para combater essa pandemia que assusta o mundo todo\u201d<\/p>\n<p>Segue abaixo as orienta\u00e7\u00f5es por setores:<\/p>\n<p><em><strong>EDUCA\u00c7\u00c3O:<\/strong><\/em><br \/>\nAs aulas da Rede Municipal de Educa\u00e7\u00e3o ser\u00e3o suspensas a partir de segunda-feira (23) por 15 dias, podendo ser prorrogada a suspens\u00e3o por mais 15 dias, ap\u00f3s avalia\u00e7\u00e3o do Comit\u00ea de Enfrentamento e Preven\u00e7\u00e3o ao Covid-19.<br \/>\nAs aulas presenciais da Fiec (Funda\u00e7\u00e3o Indaiatuba de Educa\u00e7\u00e3o e Cultura) e o FIC (Curso de Forma\u00e7\u00e3o Inicial e Continuada) seguem a mesma orienta\u00e7\u00e3o. Os Cursos t\u00e9cnicos ser\u00e3o feitos em EAD (Ensino a Dist\u00e2ncia) durante o per\u00edodo de suspens\u00e3o das aulas. As orienta\u00e7\u00f5es ser\u00e3o passadas diretamente aos alunos.<br \/>\nRecomendamos que a Rede particular siga a mesma orienta\u00e7\u00e3o.<\/p>\n<p><em><strong>ESPORTE:<\/strong><\/em><br \/>\nAs aulas do Esporte Cidad\u00e3o, Juventude Esportiva e Lazer tamb\u00e9m ser\u00e3o suspensas a partir de segunda-feira (23) por 15 dias podendo prorrogar por mais 15 dias. A secretaria de Esporte, junto com as entidades Aifa e Lidi estabelecem que os campeonatos de futebol e futsal de Indaiatuba est\u00e3o suspensos por tempo indeterminado.<\/p>\n<p><em><strong>SOCIAL:<\/strong><\/em><br \/>\nTodas as oficinas da Secretaria de Assist\u00eancia Social est\u00e3o suspensas pelo mesmo per\u00edodo<\/p>\n<p><em><strong>CULTURA:<\/strong>\u00a0<\/em><br \/>\nAs aulas das oficinas da Secretaria de Cultura est\u00e3o suspensas temporariamente. Vale destacar que isto n\u00e3o gerar\u00e1 faltas, muito menos cancelamento de vagas nas oficinas.<br \/>\nAcompanhe nossos comunicados tamb\u00e9m em nossas Redes Sociais:\u00a0 facebook\/prefeituradeindaiatuba e @prefaindaiatuba e tamb\u00e9m Whatsapp (19) 9 9773-4701.<\/p>\n","protected":false},"excerpt":{"rendered":"<p>\u00a0Publica\u00e7\u00e3o: 17\/03\/2020\u00a013h38 Seguindo orienta\u00e7\u00f5es do Governo do Estado de S\u00e3o Paulo e Minist\u00e9rio da Sa\u00fade de evitar aglomera\u00e7\u00f5es e prevenir<\/p>\n","protected":false},"author":3,"featured_media":26364,"comment_status":"closed","ping_status":"closed","sticky":false,"template":"","format":"standard","meta":[],"categories":[3],"tags":[5413],"_links":{"self":[{"href":"https:\/\/jornalnovametropole.com.br\/wp\/wp-json\/wp\/v2\/posts\/26407"}],"collection":[{"href":"https:\/\/jornalnovametropole.com.br\/wp\/wp-json\/wp\/v2\/posts"}],"about":[{"href":"https:\/\/jornalnovametropole.com.br\/wp\/wp-json\/wp\/v2\/types\/post"}],"author":[{"embeddable":true,"href":"https:\/\/jornalnovametropole.com.br\/wp\/wp-json\/wp\/v2\/users\/3"}],"replies":[{"embeddable":true,"href":"https:\/\/jornalnovametropole.com.br\/wp\/wp-json\/wp\/v2\/comments?post=26407"}],"version-history":[{"count":2,"href":"https:\/\/jornalnovametropole.com.br\/wp\/wp-json\/wp\/v2\/posts\/26407\/revisions"}],"predecessor-version":[{"id":26409,"href":"https:\/\/jornalnovametropole.com.br\/wp\/wp-json\/wp\/v2\/posts\/26407\/revisions\/26409"}],"wp:featuredmedia":[{"embeddable":true,"href":"https:\/\/jornalnovametropole.com.br\/wp\/wp-json\/wp\/v2\/media\/26364"}],"wp:attachment":[{"href":"https:\/\/jornalnovametropole.com.br\/wp\/wp-json\/wp\/v2\/media?parent=26407"}],"wp:term":[{"taxonomy":"category","embeddable":true,"href":"https:\/\/jornalnovametropole.com.br\/wp\/wp-json\/wp\/v2\/categories?post=26407"},{"taxonomy":"post_tag","embeddable":true,"href":"https:\/\/jornalnovametropole.com.br\/wp\/wp-json\/wp\/v2\/tags?post=26407"}],"curies":[{"name":"wp","href":"https:\/\/api.w.org\/{rel}","templated":true}]}}