{"id":26274,"date":"2020-03-06T16:02:51","date_gmt":"2020-03-06T16:02:51","guid":{"rendered":"http:\/\/jornalnovametropole.com.br\/wp\/?p=26274"},"modified":"2020-03-06T18:32:15","modified_gmt":"2020-03-06T18:32:15","slug":"jardim-morada-do-sol-comemora-40-anos-com-ampla-programacao","status":"publish","type":"post","link":"https:\/\/jornalnovametropole.com.br\/wp\/jardim-morada-do-sol-comemora-40-anos-com-ampla-programacao\/","title":{"rendered":"Jardim Morada do Sol comemora 40 anos com ampla programa\u00e7\u00e3o"},"content":{"rendered":"<p><a href=\"http:\/\/jornalnovametropole.com.br\/wp\/wp-content\/uploads\/2020\/03\/DSC_9772.jpg\"><img loading=\"lazy\" class=\"alignnone size-large wp-image-26275\" src=\"http:\/\/jornalnovametropole.com.br\/wp\/wp-content\/uploads\/2020\/03\/DSC_9772-1024x683.jpg\" alt=\"DSC_9772\" width=\"485\" height=\"323\" srcset=\"https:\/\/jornalnovametropole.com.br\/wp\/wp-content\/uploads\/2020\/03\/DSC_9772-1024x683.jpg 1024w, https:\/\/jornalnovametropole.com.br\/wp\/wp-content\/uploads\/2020\/03\/DSC_9772-300x200.jpg 300w\" sizes=\"(max-width: 485px) 100vw, 485px\" \/><\/a><\/p>\n<p><span style=\"font-size: 8pt;\"><em>Foto Divulga\u00e7\u00e3o<\/em><\/span><\/p>\n<p>Os moradores do Jardim Morada do Sol j\u00e1 sentem o clima das festividades de 40 anos do bairro \u2013 o mais populoso e um dos mais tradicionais de Indaiatuba. Ao longo de todo o m\u00eas de mar\u00e7o, v\u00e1rias atra\u00e7\u00f5es esportivas, ambientais, recreativas e sociais v\u00e3o celebrar as quatro d\u00e9cadas do local, que abriga aproximadamente 80 mil habitantes.<br \/>\nO anivers\u00e1rio do Jardim Morada do Sol est\u00e1 incluso no Calend\u00e1rio Oficial do Munic\u00edpio em decorr\u00eancia da Lei 5.644\/2009, de iniciativa do vereador H\u00e9lio Ribeiro, presidente da C\u00e2mara Municipal.<br \/>\n\u201cA festa de 40 anos do bairro \u00e9 tamb\u00e9m a maior que j\u00e1 foi realizada at\u00e9 aqui. Nada mais justo, uma vez que a popula\u00e7\u00e3o \u00e9 merecedora deste evento, j\u00e1 que contribui de maneira expressiva para fazer de Indaiatuba o que ela \u00e9 hoje: uma cidade trabalhadora, progressista e acolhedora\u201d, afirma o vereador, que reside no bairro h\u00e1 35 anos.<\/p>\n<p><strong>Futebol<\/strong><br \/>\nDesde fevereiro, atletas amadores do bairro j\u00e1 participam do Campeonato de Futebol de Areia.No domingo, dia 8, das 9h \u00e0s 12h, \u00e9 a vez da Fase Eliminat\u00f3ria do Torneio, no campo do Floresta Parque. No dia 15, acontece as grandes finais e ser\u00e3o realizadas das 9h \u00e0s 15h, no Parque Corolla.<br \/>\nAs a\u00e7\u00f5es esportivas seguem ao longo do m\u00eas. No dia 22 de mar\u00e7o, o grande Jogo das Estrelas, com os Amigos do Alex Silva, acontece \u00e0s 10h no Campo do R\u00eamulo Zoppi. No dia 29, das 9h \u00e0s 17h, os moradores assistem ao Festival de Futebol de Campo, no Campo do Cruzeiro.<\/p>\n<p><strong>Homenagens<\/strong><br \/>\nOs moradores mais antigos do bairro ser\u00e3o homenageados em um evento solene, marcado para o dia 20, na Igreja Santo Ant\u00f4nio. Recebem a honraria dez pessoas cuja hist\u00f3ria se confunde com a do Morada do Sol, al\u00e9m de outros 50 residentes que j\u00e1 foram homenageados nas edi\u00e7\u00f5es anteriores da festa.<br \/>\nA solenidade ocorre \u00e0s 19h. \u201cEsse \u00e9 um dos pontos altos da festa, uma vez que nossos queridos vizinhos, gente do nosso bairro, s\u00e3o reconhecidos pela participa\u00e7\u00e3o na comunidade\u201d, pontua H\u00e9lio Ribeiro.<\/p>\n<p><strong>Cultura, recrea\u00e7\u00e3o\u00a0e f\u00e9<\/strong><br \/>\nShows musicais com artistas locais animam as comemora\u00e7\u00f5es no s\u00e1bado, dia 21, na \u00e1rea rec\u00e9m-urbanizada do Jardim Paulista. As atra\u00e7\u00f5es come\u00e7am \u00e0s 19h. No dia seguinte, \u00e9 a vez das crian\u00e7as participarem da festa: a\u00e7\u00f5es ambientais, com plantio de mudas de \u00e1rvores e soltura de peixes, ser\u00e3o promovidas a partir das 8h. \u00c0 tarde, das 13h30 \u00e0s 18h, \u00e9 a vez da festa das crian\u00e7as, com shows infantis e brinquedos dispon\u00edveis para o p\u00fablico infantil.<br \/>\nA religiosidade ser\u00e1 celebrada em duas cerim\u00f4nias: no Culto de A\u00e7\u00e3o de Gra\u00e7as, no dia 21, \u00e0s 9h, no \u2018Piano\u2019, e na missa em homenagem ao Jardim Morada do Sol, no dia 22, \u00e0s 18h, na Par\u00f3quia Santo Ant\u00f4nio.<\/p>\n<p><strong>Hist\u00f3ria do\u00a0bairro<\/strong><br \/>\nPovoada inicialmente ainda no s\u00e9culo 19, a \u00e1rea que hoje faz parte do Jardim Morada do Sol correspondia \u00e0 Fazenda Engenho D\u2019\u00c1gua, de propriedade da Fam\u00edlia Barnab\u00e9.<br \/>\nMas foi s\u00f3 na d\u00e9cada de 1970 do s\u00e9culo 20 que o processo de urbaniza\u00e7\u00e3o planejado do local teve in\u00edcio, com a cria\u00e7\u00e3o do Loteamento Morada do Sol. A proximidade com o Distrito Industrial fez correr a informa\u00e7\u00e3o de que o bairro estaria em uma \u00e1rea de pleno emprego, o que provocou a emigra\u00e7\u00e3o em massa de moradores do Paran\u00e1. Ainda hoje, o bairro \u00e9 conhecido pela grande popula\u00e7\u00e3o de paranaenses.<br \/>\nO Parque Ecol\u00f3gico, planejado pelo arquiteto Ruy Ohtake, integrou o Jardim Morada do Sol aos outros bairros da cidade, o que promoveu a urbaniza\u00e7\u00e3o definitiva do espa\u00e7o.<br \/>\nEm 2009, por iniciativa do vereador H\u00e9lio Ribeiro, a funda\u00e7\u00e3o do bairro passou a ser comemorada nos meses de mar\u00e7o.<\/p>\n<p><strong>Patrocinadores<\/strong><br \/>\nAs festividades de 40 anos do Jardim Morada do Sol contam com apoio do Mercado GoodBom, al\u00e9m dos seguintes patrocinadores: Sicredi, Adega 58, Academia Onix, Bar do Barboza, Bom Bom Presentes, Carplace, Casa da Esfiha, Casa de Carnes Magr\u00e3o, Consulado da Constru\u00e7\u00e3o, Deise Presentes, Dog &amp; Cia, \u00caxtase Uniformes, Felipe Madeiras, Frangoteria, GPS Im\u00f3veis, Lelesso Nova Era, Loja GVC, Lojas Campos, Madeireira Jatob\u00e1s, Marmoraria RW, Mercado Kokais, Mercado Monteiro, Michelly Cal\u00e7ados, Michelly Modas, O Sorvet\u00e3o, Olimaq, Oucimar da Areia &amp; Ca\u00e7ambas, Panificadora Carvalho, PJ Materiais para Constru\u00e7\u00f5es, Positiva Cursos Preparat\u00f3rios, Auto Posto Jardim Colonial, Rita Pinheiro \u2013 Sal\u00e3o, Sacol\u00e3o da Terra, Salsicha Audio Car, Sorveteria Indai\u00e1, Sorvetes Primavera, Cidade Nova, Tamandar\u00e9 Tintas, Varej\u00e3o do Portugu\u00eas, Vida Luz Material para Constru\u00e7\u00e3o e Yes Idiomas.<br \/>\nO autor da Lei Municipal est\u00e1 dispon\u00edvel para entrevistas.<\/p>\n<p><strong>Servi\u00e7o<\/strong><br \/>\n\u2022 Domingo, dia 8, \u00e0s 9h &#8211; Campeonato de Futebol de Areia (Fase Eliminat\u00f3ria) no Floresta Parque.<br \/>\n\u2022 Domingo, dia 15, \u00e0s 9h &#8211; Campeonato de Futebol de Areia (Finais) no Parque Corolla.<br \/>\n\u2022Sexta-feira, dia 20, \u00e0s 19h &#8211; Homenagem aos antigos moradores do Jardim Morada do Sol na Igreja Santo Ant\u00f4nio.<br \/>\n\u2022 S\u00e1bado, dia 21, \u00e0s 9h &#8211; Culto de A\u00e7\u00e3o de Gra\u00e7as no \u2018Piano\u2019.<br \/>\n\u2022 \u00c0s 19h &#8211; Show com artistas locais no Jardim Paulista (\u00e1rea reurbanizada).<br \/>\n\u2022 Domingo, dia 22, \u00e0s 8h &#8211; A\u00e7\u00f5es ambientais no Jardim Paulista (\u00e1rea reurbanizada).<br \/>\n\u2022\u00c0s 10h &#8211; Jogo das Estrelas (Amigos do Alex Silva) no Campo do R\u00eamulo Zoppi.<br \/>\n\u2022 \u00c0s 13h30 &#8211; Festa das Crian\u00e7as no Jardim Paulista (\u00e1rea reurbanizada).<br \/>\n\u2022 \u00c0s 18h &#8211; Missa em homenagem ao bairro na Igreja Santo Ant\u00f4nio.<br \/>\n\u2022 Domingo, dia 29, \u00e0s 9h &#8211; Festival de Futebol de Campo, no Campo S\u00e3o Conrado.<\/p>\n","protected":false},"excerpt":{"rendered":"<p>Foto Divulga\u00e7\u00e3o Os moradores do Jardim Morada do Sol j\u00e1 sentem o clima das festividades de 40 anos do bairro<\/p>\n","protected":false},"author":3,"featured_media":26275,"comment_status":"closed","ping_status":"closed","sticky":false,"template":"","format":"standard","meta":[],"categories":[3],"tags":[5366],"_links":{"self":[{"href":"https:\/\/jornalnovametropole.com.br\/wp\/wp-json\/wp\/v2\/posts\/26274"}],"collection":[{"href":"https:\/\/jornalnovametropole.com.br\/wp\/wp-json\/wp\/v2\/posts"}],"about":[{"href":"https:\/\/jornalnovametropole.com.br\/wp\/wp-json\/wp\/v2\/types\/post"}],"author":[{"embeddable":true,"href":"https:\/\/jornalnovametropole.com.br\/wp\/wp-json\/wp\/v2\/users\/3"}],"replies":[{"embeddable":true,"href":"https:\/\/jornalnovametropole.com.br\/wp\/wp-json\/wp\/v2\/comments?post=26274"}],"version-history":[{"count":1,"href":"https:\/\/jornalnovametropole.com.br\/wp\/wp-json\/wp\/v2\/posts\/26274\/revisions"}],"predecessor-version":[{"id":26276,"href":"https:\/\/jornalnovametropole.com.br\/wp\/wp-json\/wp\/v2\/posts\/26274\/revisions\/26276"}],"wp:featuredmedia":[{"embeddable":true,"href":"https:\/\/jornalnovametropole.com.br\/wp\/wp-json\/wp\/v2\/media\/26275"}],"wp:attachment":[{"href":"https:\/\/jornalnovametropole.com.br\/wp\/wp-json\/wp\/v2\/media?parent=26274"}],"wp:term":[{"taxonomy":"category","embeddable":true,"href":"https:\/\/jornalnovametropole.com.br\/wp\/wp-json\/wp\/v2\/categories?post=26274"},{"taxonomy":"post_tag","embeddable":true,"href":"https:\/\/jornalnovametropole.com.br\/wp\/wp-json\/wp\/v2\/tags?post=26274"}],"curies":[{"name":"wp","href":"https:\/\/api.w.org\/{rel}","templated":true}]}}