{"id":26242,"date":"2020-03-06T11:00:52","date_gmt":"2020-03-06T11:00:52","guid":{"rendered":"http:\/\/jornalnovametropole.com.br\/wp\/?p=26242"},"modified":"2020-03-06T14:31:13","modified_gmt":"2020-03-06T14:31:13","slug":"9-para-dancar-acontece-amanha-no-clube-9-de-julho-o","status":"publish","type":"post","link":"https:\/\/jornalnovametropole.com.br\/wp\/9-para-dancar-acontece-amanha-no-clube-9-de-julho-o\/","title":{"rendered":"\u20189 para dan\u00e7ar\u2019 acontece amanh\u00e3 no Clube 9 de Julho o"},"content":{"rendered":"<p><a href=\"http:\/\/jornalnovametropole.com.br\/wp\/wp-content\/uploads\/2020\/03\/01-9-para-Dan\u00e7ar.jpg\"><img loading=\"lazy\" class=\"alignnone size-full wp-image-26246\" src=\"http:\/\/jornalnovametropole.com.br\/wp\/wp-content\/uploads\/2020\/03\/01-9-para-Dan\u00e7ar.jpg\" alt=\"01 - 9 para Dan\u00e7ar\" width=\"900\" height=\"557\" srcset=\"https:\/\/jornalnovametropole.com.br\/wp\/wp-content\/uploads\/2020\/03\/01-9-para-Dan\u00e7ar.jpg 900w, https:\/\/jornalnovametropole.com.br\/wp\/wp-content\/uploads\/2020\/03\/01-9-para-Dan\u00e7ar-300x186.jpg 300w\" sizes=\"(max-width: 900px) 100vw, 900px\" \/><\/a><\/p>\n<p>Amanh\u00e3, dia 7, acontece a primeira edi\u00e7\u00e3o do \u20189 para Dan\u00e7ar\u2019 de 2020, com uma das atra\u00e7\u00f5es preferidas pelos frequentadores: o grupo \u2018Homens de Preto\u2019.<br \/>\nO trio, formado pelos irm\u00e3os Walter (Carioquinha) nos teclados\/voz, Valtencir no contrabaixo\/voz e Valmir nos saxofones, flauta, percuss\u00e3o e voz, une qualidade musical e muito carisma \u2013 o que torna o grupo um dos mais requisitados no segmento. E em 2020, traz um visual moderno, com novo painel de LED.<br \/>\nPerfeito para quem gosta de dan\u00e7ar, o baile dos \u2018Homens de Preto\u2019 apresenta sele\u00e7\u00f5es de ritmos como Bolero, Xote, Samba, Vaner\u00e3o, Valsa, Arrocha e outros.<br \/>\nO \u20189 para Dan\u00e7ar\u2019 tem in\u00edcio \u00e0s 20h30 no Sal\u00e3o Social do Clube 9 de Julho, com reservas de mesas e servi\u00e7o de bar.<br \/>\nSe voc\u00ea \u00e9 um verdadeiro \u2018p\u00e9 de valsa\u2019, n\u00e3o pode perder este baile especial. E se voc\u00ea \u00e9 mulher e n\u00e3o tem um parceiro, fique tranquila, pois teremos free dancers, para ningu\u00e9m ficar parada.<\/p>\n<p><strong>SERVI\u00c7O<\/strong><br \/>\nEvento: \u20189 para Dan\u00e7ar\u2019 com o grupo \u2018Homens de Preto\u2019<br \/>\nData: Amanh\u00e3, dia 7,<br \/>\nHor\u00e1rio: a partir das 20h30<br \/>\nLocal: Sal\u00e3o Social do Clube 9 de Julho na Avenida Presidente Vargas, 2.000 \u2013 Vila Homero<br \/>\nAssociado: tem entrada gratuita com lugar em mesa n\u00e3o exclusiva. Pode retirar o convite antecipado na Secretaria ou na hora do evento.<br \/>\nConvidado: R$ 25 &#8211; compra antecipada ou na hora do evento, com lugar em mesa n\u00e3o exclusiva.<br \/>\nCensura: 18 anos \u2013 N\u00e3o haver\u00e1 Espa\u00e7o Kids.<\/p>\n","protected":false},"excerpt":{"rendered":"<p>Amanh\u00e3, dia 7, acontece a primeira edi\u00e7\u00e3o do \u20189 para Dan\u00e7ar\u2019 de 2020, com uma das atra\u00e7\u00f5es preferidas pelos frequentadores:<\/p>\n","protected":false},"author":3,"featured_media":26246,"comment_status":"closed","ping_status":"closed","sticky":false,"template":"","format":"standard","meta":[],"categories":[3000,5],"tags":[5354],"_links":{"self":[{"href":"https:\/\/jornalnovametropole.com.br\/wp\/wp-json\/wp\/v2\/posts\/26242"}],"collection":[{"href":"https:\/\/jornalnovametropole.com.br\/wp\/wp-json\/wp\/v2\/posts"}],"about":[{"href":"https:\/\/jornalnovametropole.com.br\/wp\/wp-json\/wp\/v2\/types\/post"}],"author":[{"embeddable":true,"href":"https:\/\/jornalnovametropole.com.br\/wp\/wp-json\/wp\/v2\/users\/3"}],"replies":[{"embeddable":true,"href":"https:\/\/jornalnovametropole.com.br\/wp\/wp-json\/wp\/v2\/comments?post=26242"}],"version-history":[{"count":3,"href":"https:\/\/jornalnovametropole.com.br\/wp\/wp-json\/wp\/v2\/posts\/26242\/revisions"}],"predecessor-version":[{"id":26248,"href":"https:\/\/jornalnovametropole.com.br\/wp\/wp-json\/wp\/v2\/posts\/26242\/revisions\/26248"}],"wp:featuredmedia":[{"embeddable":true,"href":"https:\/\/jornalnovametropole.com.br\/wp\/wp-json\/wp\/v2\/media\/26246"}],"wp:attachment":[{"href":"https:\/\/jornalnovametropole.com.br\/wp\/wp-json\/wp\/v2\/media?parent=26242"}],"wp:term":[{"taxonomy":"category","embeddable":true,"href":"https:\/\/jornalnovametropole.com.br\/wp\/wp-json\/wp\/v2\/categories?post=26242"},{"taxonomy":"post_tag","embeddable":true,"href":"https:\/\/jornalnovametropole.com.br\/wp\/wp-json\/wp\/v2\/tags?post=26242"}],"curies":[{"name":"wp","href":"https:\/\/api.w.org\/{rel}","templated":true}]}}