{"id":25846,"date":"2020-01-17T16:37:06","date_gmt":"2020-01-17T16:37:06","guid":{"rendered":"http:\/\/jornalnovametropole.com.br\/wp\/?p=25846"},"modified":"2020-01-20T13:45:07","modified_gmt":"2020-01-20T13:45:07","slug":"docentes-e-ades-nomeados-em-2019-participam-de-conversa-com-o-prefeito","status":"publish","type":"post","link":"https:\/\/jornalnovametropole.com.br\/wp\/docentes-e-ades-nomeados-em-2019-participam-de-conversa-com-o-prefeito\/","title":{"rendered":"Docentes e ADEs nomeados em 2019 participam de \u2018Conversa com o Prefeito\u2019"},"content":{"rendered":"<h3><a href=\"http:\/\/jornalnovametropole.com.br\/wp\/wp-content\/uploads\/2020\/01\/Docentes-e-ADEs.jpg\"><img loading=\"lazy\" class=\"alignnone size-large wp-image-25847\" src=\"http:\/\/jornalnovametropole.com.br\/wp\/wp-content\/uploads\/2020\/01\/Docentes-e-ADEs-1024x683.jpg\" alt=\"Docentes e ADEs\" width=\"485\" height=\"323\" srcset=\"https:\/\/jornalnovametropole.com.br\/wp\/wp-content\/uploads\/2020\/01\/Docentes-e-ADEs-1024x683.jpg 1024w, https:\/\/jornalnovametropole.com.br\/wp\/wp-content\/uploads\/2020\/01\/Docentes-e-ADEs-300x200.jpg 300w, https:\/\/jornalnovametropole.com.br\/wp\/wp-content\/uploads\/2020\/01\/Docentes-e-ADEs.jpg 2048w\" sizes=\"(max-width: 485px) 100vw, 485px\" \/><\/a><\/h3>\n<h3><strong>Al\u00e9m de boas-vindas, o encontro serviu para esclarecer as d\u00favidas dos novos servidores e apresentar o planejamento \u2018Indaiatuba 2030\u2019<\/strong><\/h3>\n<p><span style=\"font-size: 8pt;\"><em>Foto: Leonardo Cruz \u2013 RIC\/PMI<\/em><\/span><\/p>\n<p>A Secretaria de Educa\u00e7\u00e3o de Indaiatuba organizou uma a\u00e7\u00e3o denominada como \u2018Conversa com o Prefeito\u2019. O encontro reuniu os 140 docentes e 87 ADEs (Auxiliares de Desenvolvimento Educacional) que ingressaram na Rede em 2019. Objetivo foi dar boas-vindas aos novos funcion\u00e1rios, sanar d\u00favidas e apresentar o planejamento do governo municipal para Indaiatuba at\u00e9 2030.<br \/>\nOs professores participaram da reuni\u00e3o na \u00faltima quinta-feira, dia 9, no Bosque do Saber. J\u00e1 o encontro com os ADEs, aconteceu nesta quinta-feira, dia 16, no Museu da \u00c1gua. O prefeito Nilson Gaspar, a secret\u00e1ria de Educa\u00e7\u00e3o Rita de C\u00e1ssia Trasferetti, e o secret\u00e1rio adjunto de Educa\u00e7\u00e3o, Cesar Franco, participaram da a\u00e7\u00e3o.<\/p>\n","protected":false},"excerpt":{"rendered":"<p>Al\u00e9m de boas-vindas, o encontro serviu para esclarecer as d\u00favidas dos novos servidores e apresentar o planejamento \u2018Indaiatuba 2030\u2019 Foto:<\/p>\n","protected":false},"author":3,"featured_media":25847,"comment_status":"closed","ping_status":"closed","sticky":false,"template":"","format":"standard","meta":[],"categories":[3],"tags":[5235],"_links":{"self":[{"href":"https:\/\/jornalnovametropole.com.br\/wp\/wp-json\/wp\/v2\/posts\/25846"}],"collection":[{"href":"https:\/\/jornalnovametropole.com.br\/wp\/wp-json\/wp\/v2\/posts"}],"about":[{"href":"https:\/\/jornalnovametropole.com.br\/wp\/wp-json\/wp\/v2\/types\/post"}],"author":[{"embeddable":true,"href":"https:\/\/jornalnovametropole.com.br\/wp\/wp-json\/wp\/v2\/users\/3"}],"replies":[{"embeddable":true,"href":"https:\/\/jornalnovametropole.com.br\/wp\/wp-json\/wp\/v2\/comments?post=25846"}],"version-history":[{"count":1,"href":"https:\/\/jornalnovametropole.com.br\/wp\/wp-json\/wp\/v2\/posts\/25846\/revisions"}],"predecessor-version":[{"id":25848,"href":"https:\/\/jornalnovametropole.com.br\/wp\/wp-json\/wp\/v2\/posts\/25846\/revisions\/25848"}],"wp:featuredmedia":[{"embeddable":true,"href":"https:\/\/jornalnovametropole.com.br\/wp\/wp-json\/wp\/v2\/media\/25847"}],"wp:attachment":[{"href":"https:\/\/jornalnovametropole.com.br\/wp\/wp-json\/wp\/v2\/media?parent=25846"}],"wp:term":[{"taxonomy":"category","embeddable":true,"href":"https:\/\/jornalnovametropole.com.br\/wp\/wp-json\/wp\/v2\/categories?post=25846"},{"taxonomy":"post_tag","embeddable":true,"href":"https:\/\/jornalnovametropole.com.br\/wp\/wp-json\/wp\/v2\/tags?post=25846"}],"curies":[{"name":"wp","href":"https:\/\/api.w.org\/{rel}","templated":true}]}}