{"id":25815,"date":"2020-01-17T19:23:38","date_gmt":"2020-01-17T19:23:38","guid":{"rendered":"http:\/\/jornalnovametropole.com.br\/wp\/?p=25815"},"modified":"2020-01-17T19:23:38","modified_gmt":"2020-01-17T19:23:38","slug":"tarifa-de-agua-se-mantem-sem-reajuste","status":"publish","type":"post","link":"https:\/\/jornalnovametropole.com.br\/wp\/tarifa-de-agua-se-mantem-sem-reajuste\/","title":{"rendered":"Tarifa de \u00e1gua se mant\u00e9m sem reajuste"},"content":{"rendered":"<p><a href=\"http:\/\/jornalnovametropole.com.br\/wp\/wp-content\/uploads\/2020\/01\/01-TARIFA-CONGELADA-ARES-PCJ-7.jpg\"><img loading=\"lazy\" class=\"alignnone size-full wp-image-25816\" src=\"http:\/\/jornalnovametropole.com.br\/wp\/wp-content\/uploads\/2020\/01\/01-TARIFA-CONGELADA-ARES-PCJ-7.jpg\" alt=\"01 - TARIFA CONGELADA ARES-PCJ (7)\" width=\"900\" height=\"600\" srcset=\"https:\/\/jornalnovametropole.com.br\/wp\/wp-content\/uploads\/2020\/01\/01-TARIFA-CONGELADA-ARES-PCJ-7.jpg 900w, https:\/\/jornalnovametropole.com.br\/wp\/wp-content\/uploads\/2020\/01\/01-TARIFA-CONGELADA-ARES-PCJ-7-300x200.jpg 300w\" sizes=\"(max-width: 900px) 100vw, 900px\" \/><\/a><\/p>\n<p>&nbsp;<\/p>\n<p><span style=\"font-size: 8pt;\"><em>Foto\u00a0Rose Parra &#8211; DCS Saae\u00a0<\/em><\/span><\/p>\n<p>A tarifa de \u00e1gua n\u00e3o ter\u00e1 reajuste em Indaiatuba esse ano: divulgou o Prefeito Nilson Gaspar, durante a Coletiva de Imprensa, na manh\u00e3 da quarta-feira (15). A Resolu\u00e7\u00e3o \u00e9 da Ag\u00eancia Reguladora dos Servi\u00e7os de Saneamento das Bacias dos Rios Piracicaba, Capivari e Jundia\u00ed, respons\u00e1vel por fixar os pre\u00e7os das empresas de Saneamento da regi\u00e3o das Bacias dos Rios Piracicaba, Capivari e Jundia\u00ed, que comp\u00f5em 58 munic\u00edpios. At\u00e9 o momento, o Saae de Indaiatuba \u00e9 a \u00fanica autarquia, entre as cidades reguladas pela Ares-PCJ, que ter\u00e1 a tarifa congelada no per\u00edodo de janeiro de 2020\/2021.<br \/>\n\u201cPor meio de an\u00e1lises, estudos e avalia\u00e7\u00f5es t\u00e9cnicas realizadas pela Ares-PCJ foi constatado que o Saae tem capacidade de investimentos. Devido \u00e0 situa\u00e7\u00e3o econ\u00f4mica e financeira positiva, n\u00e3o h\u00e1 necessidade do reajuste tarif\u00e1rio para que o Saae d\u00ea continuidade nos investimentos programados ao longo dos pr\u00f3ximos 12 meses. A tarifa est\u00e1 equilibrada e n\u00e3o \u00e9 necess\u00e1rio o reajuste\u201d, explicou o diretor-geral da Ares-PCJ, Dalto Favero Brochi.<br \/>\nPosteriormente ser\u00e1 publicada no site http:\/\/www.arespcj.com.br\/ a Resolu\u00e7\u00e3o de N\u00famero 115 da decis\u00e3o da Ares-PCJ, sobre a tarifa\u00e7\u00e3o nula de Indaiatuba.<br \/>\nO Encontro com a Imprensa contou com a participa\u00e7\u00e3o do superintendente do Saae, engenheiro Sandro Coral, da adjunta, Vanessa K\u00fchl e dos representantes da Ares-PCJ, o diretor-geral, Dalto Favero Brochi, do coordenador de Contabilidade regulat\u00f3ria, Lucas C\u00e2ndido dos Santos e o do Diretor-T\u00e9cnico Operacional, Carlos Alberto Gravina.<br \/>\n\u201cA gest\u00e3o de efici\u00eancia e economia implantada em nosso munic\u00edpio \u00e9 que permite-nos poupar a popula\u00e7\u00e3o deste aumento. N\u00e3o somos n\u00f3s quem definimos se vai ou n\u00e3o aumentar a tarifa de \u00e1gua na cidade. \u00c9 a Ag\u00eancia Reguladora que tem autonomia para decidir, ou seja, estamos fazendo bem a li\u00e7\u00e3o de casa\u201d, diz Gaspar.<br \/>\nO superintendente do Saae, Sandro Coral, lembrou que o baixo \u00edndice de inadimpl\u00eancia no pagamento das contas de \u00e1gua e esgoto pelos consumidores da cidade tamb\u00e9m impacta na manuten\u00e7\u00e3o da tarifa. A superintendente adjunta, Vanessa K\u00fchl\u00a0, informou que o \u00edndice de inadimpl\u00eancia, em 2019, fechou em 3,9%. Segundo ela, a implanta\u00e7\u00e3o da Tarifa Social, que \u00e9 cobrada de fam\u00edlias carentes que consomem at\u00e9 10 metros c\u00fabicos de \u00e1gua por m\u00eas, tamb\u00e9m impacta no baixo \u00edndice de inadimpl\u00eancia.<br \/>\nOs demais servi\u00e7os do Saae, como troca de hidr\u00f4metro, ser\u00e3o reajustados em 2,54%, segundo a Ares-PCJ.<\/p>\n<p><strong>\u00c1GUA DE RE\u00daSO<\/strong><br \/>\nO Prefeito de Indaiatuba tamb\u00e9m destacou a import\u00e2ncia da utiliza\u00e7\u00e3o de \u00c1gua de Re\u00faso no processo de produ\u00e7\u00e3o. Na primeira fase a \u00e1gua \u00e9 distribu\u00edda por caminh\u00e3o pipa, em seguida atrav\u00e9s de adutoras porta a porta para cada empresa, que \u00e9 o grande diferencial do projeto. Indaiatuba ser\u00e1 a primeira cidade regulada pela Ares-PCJ, a ter tarifa de \u00e1gua de re\u00faso.<br \/>\nJ\u00e1 Sandro, lembra que os benef\u00edcios da \u00e1gua de re\u00faso, v\u00e3o al\u00e9m da economia. \u201cDesde 2018 o tema tem sido considerado como Plano de A\u00e7\u00e3o visando o meio ambiente e a sustentabilidade de Indaiatuba\u201d, ressalta.<br \/>\n\u201cAl\u00e9m das quest\u00f5es ambientais, a utiliza\u00e7\u00e3o da \u00e1gua de re\u00faso ser\u00e1 distribu\u00edda com uma tarifa inferior a da \u00e1gua pot\u00e1vel, que deve chegar pr\u00f3ximo aos 70% mais acess\u00edvel. Ainda \u00e9 um projeto piloto, mas, acreditamos que at\u00e9 o segundo semestre, um n\u00famero maior de empresas deve aderir\u201d, revela Vanessa.<\/p>\n","protected":false},"excerpt":{"rendered":"<p>&nbsp; Foto\u00a0Rose Parra &#8211; DCS Saae\u00a0 A tarifa de \u00e1gua n\u00e3o ter\u00e1 reajuste em Indaiatuba esse ano: divulgou o Prefeito<\/p>\n","protected":false},"author":3,"featured_media":25816,"comment_status":"closed","ping_status":"closed","sticky":false,"template":"","format":"standard","meta":[],"categories":[3],"tags":[5223,5222,78,5224,5221],"_links":{"self":[{"href":"https:\/\/jornalnovametropole.com.br\/wp\/wp-json\/wp\/v2\/posts\/25815"}],"collection":[{"href":"https:\/\/jornalnovametropole.com.br\/wp\/wp-json\/wp\/v2\/posts"}],"about":[{"href":"https:\/\/jornalnovametropole.com.br\/wp\/wp-json\/wp\/v2\/types\/post"}],"author":[{"embeddable":true,"href":"https:\/\/jornalnovametropole.com.br\/wp\/wp-json\/wp\/v2\/users\/3"}],"replies":[{"embeddable":true,"href":"https:\/\/jornalnovametropole.com.br\/wp\/wp-json\/wp\/v2\/comments?post=25815"}],"version-history":[{"count":1,"href":"https:\/\/jornalnovametropole.com.br\/wp\/wp-json\/wp\/v2\/posts\/25815\/revisions"}],"predecessor-version":[{"id":25817,"href":"https:\/\/jornalnovametropole.com.br\/wp\/wp-json\/wp\/v2\/posts\/25815\/revisions\/25817"}],"wp:featuredmedia":[{"embeddable":true,"href":"https:\/\/jornalnovametropole.com.br\/wp\/wp-json\/wp\/v2\/media\/25816"}],"wp:attachment":[{"href":"https:\/\/jornalnovametropole.com.br\/wp\/wp-json\/wp\/v2\/media?parent=25815"}],"wp:term":[{"taxonomy":"category","embeddable":true,"href":"https:\/\/jornalnovametropole.com.br\/wp\/wp-json\/wp\/v2\/categories?post=25815"},{"taxonomy":"post_tag","embeddable":true,"href":"https:\/\/jornalnovametropole.com.br\/wp\/wp-json\/wp\/v2\/tags?post=25815"}],"curies":[{"name":"wp","href":"https:\/\/api.w.org\/{rel}","templated":true}]}}