{"id":25162,"date":"2019-11-08T12:08:47","date_gmt":"2019-11-08T12:08:47","guid":{"rendered":"http:\/\/jornalnovametropole.com.br\/wp\/?p=25162"},"modified":"2019-11-11T12:19:46","modified_gmt":"2019-11-11T12:19:46","slug":"prefeito-assina-carta-de-intencao-junto-com-parceiros-para-ampliar-o-servico-de-atendimento-a-gestantes","status":"publish","type":"post","link":"https:\/\/jornalnovametropole.com.br\/wp\/prefeito-assina-carta-de-intencao-junto-com-parceiros-para-ampliar-o-servico-de-atendimento-a-gestantes\/","title":{"rendered":"Prefeito assina Carta de Inten\u00e7\u00e3o junto com parceiros para ampliar o servi\u00e7o de atendimento a gestantes"},"content":{"rendered":"<h3><a href=\"http:\/\/jornalnovametropole.com.br\/wp\/wp-content\/uploads\/2019\/11\/Amplia\u00e7\u00e3o-de-parceiros-para-gestantes.jpg\"><img loading=\"lazy\" class=\"alignnone size-large wp-image-25163\" src=\"http:\/\/jornalnovametropole.com.br\/wp\/wp-content\/uploads\/2019\/11\/Amplia\u00e7\u00e3o-de-parceiros-para-gestantes-1024x683.jpg\" alt=\"Amplia\u00e7\u00e3o de parceiros para gestantes\" width=\"485\" height=\"323\" srcset=\"https:\/\/jornalnovametropole.com.br\/wp\/wp-content\/uploads\/2019\/11\/Amplia\u00e7\u00e3o-de-parceiros-para-gestantes-1024x683.jpg 1024w, https:\/\/jornalnovametropole.com.br\/wp\/wp-content\/uploads\/2019\/11\/Amplia\u00e7\u00e3o-de-parceiros-para-gestantes-300x200.jpg 300w\" sizes=\"(max-width: 485px) 100vw, 485px\" \/><\/a><\/h3>\n<h3><strong>Objetivo \u00e9 implanta\u00e7\u00e3o de uma unidade de refer\u00eancia<\/strong><strong>\u00a0<\/strong><\/h3>\n<h6><span style=\"font-size: 8pt;\"><em>Foto\u00a0Eliandro Figueira RIC\/PMI<\/em><\/span><\/h6>\n<p>O Prefeito de Indaiatuba Nilson Gaspar (MDB) assinou esta semana uma carta de inten\u00e7\u00e3o junto com o Rotary Club de Indaiatuba,\u00a0 Unimax \u2013 Centro Universit\u00e1rio Max Planck, a Funda\u00e7\u00e3o Leonor de Barros \u2013 Hospital Augusto de Oliveira Camargo, e a Secretaria Municipal de Sa\u00fade visando \u00e0 implanta\u00e7\u00e3o de uma unidade de refer\u00eancia no atendimento das gestantes de alto risco do munic\u00edpio, agregando servi\u00e7os e profissionais qualificados para atender \u00e0s necessidades de sa\u00fade das gestantes e rec\u00e9m-nascidos de alto risco e ampliar o atendimento.<\/p>\n<p>\u201cAcabamos de formalizar uma parceria que tem entre as a\u00e7\u00f5es a amplia\u00e7\u00e3o do banco de leite. Vamos atender todas as m\u00e3es da nossa cidade, que precisam da doa\u00e7\u00e3o de leite. Vamos fazer um trabalho de educa\u00e7\u00e3o para atendimento com qualidade, principalmente gestantes e futuras m\u00e3es de Indaiatuba\u201d, salienta Gaspar.<\/p>\n<p>A gesta\u00e7\u00e3o \u00e9 um fen\u00f4meno fisiol\u00f3gico, evoluindo na maioria das vezes sem intercorr\u00eancias. Entretanto, uma pequena parte das gestantes pode apresentar uma evolu\u00e7\u00e3o desfavor\u00e1vel, por serem portadoras de alguma doen\u00e7a, sofrerem algum agravo ou desenvolverem problemas na gesta\u00e7\u00e3o.<\/p>\n<p>Essas gestantes comp\u00f5em o grupo chamado de \u201cgestantes de alto risco\u201d. Essa denomina\u00e7\u00e3o \u00e9 importante para destacar o conceito de que nem todos os indiv\u00edduos v\u00e3o evoluir da mesma maneira no processo sa\u00fade-doen\u00e7a, sendo necess\u00e1rio um cuidado \u00e0 sa\u00fade capaz de identificar os riscos e atender os indiv\u00edduos conforme suas necessidades.<\/p>\n<p>A morbimortalidade materna e perinatal ainda s\u00e3o um grande problema de sa\u00fade p\u00fablica, apesar dos avan\u00e7os econ\u00f4micos e sociais do pa\u00eds nas \u00faltimas d\u00e9cadas. A grande parte das complica\u00e7\u00f5es que surgem na gravidez, parto e puerp\u00e9rio s\u00e3o preven\u00edeis, sendo necess\u00e1ria a participa\u00e7\u00e3o ativa do sistema de sa\u00fade. Indaiatuba tem melhorado seus indicadores perinatais nos \u00faltimos anos atrav\u00e9s de a\u00e7\u00f5es organizadas, integradas e com cobertura abrangente, atenta \u00e0s necessidades desse per\u00edodo da vida. Nos \u00faltimos cinco anos a taxa de mortalidade infantil reduziu em 23,5% e a propor\u00e7\u00e3o de partos normais vem aumentando, diferente do que vem acontecendo na maioria das cidades brasileiras.<\/p>\n<p>Os objetivos espec\u00edficos dessa parceria \u00e9 oferecer um servi\u00e7o de refer\u00eancia \u00e0 popula\u00e7\u00e3o, com foco no bin\u00f4mio m\u00e3e-beb\u00ea; reduzir a morbimortalidade materna e perinatal atrav\u00e9s da qualifica\u00e7\u00e3o do atendimento \u00e0s gestantes de alto risco e rec\u00e9m-nascidos; fortalecer o aleitamento materno e o v\u00ednculo m\u00e3e-beb\u00ea.<\/p>\n<p>&nbsp;<\/p>\n<p><strong>Os servi\u00e7os oferecidos ser\u00e3o:<\/strong><br \/>\n&#8211; Gestantes de alto risco: o atendimento \u00e0s gestantes ser\u00e1 realizado por equipe multiprofissional qualificada, de acordo com as diretrizes e protocolos do Minist\u00e9rio da Sa\u00fade e linhas de cuidado do estado de S\u00e3o Paulo.<\/p>\n<p>&#8211; Programa Nascer Bem: esse programa, que atua desde 1998, ser\u00e1 agregado a esse novo servi\u00e7o, oferecendo atendimento a m\u00e3es e beb\u00eas nas primeiras horas ap\u00f3s o nascimento, com o objetivo de fortalecer a amamenta\u00e7\u00e3o e o bin\u00f4mio m\u00e3e-beb\u00ea.<\/p>\n<p>&#8211; Posto de Coleta de Leite Humano: ser\u00e1 implementado o posto de coleta de leite humano, operando conforme as diretrizes nacionais e normas sanit\u00e1rias.<\/p>\n","protected":false},"excerpt":{"rendered":"<p>Objetivo \u00e9 implanta\u00e7\u00e3o de uma unidade de refer\u00eancia\u00a0 Foto\u00a0Eliandro Figueira RIC\/PMI O Prefeito de Indaiatuba Nilson Gaspar (MDB) assinou esta<\/p>\n","protected":false},"author":3,"featured_media":25163,"comment_status":"closed","ping_status":"closed","sticky":false,"template":"","format":"standard","meta":[],"categories":[3],"tags":[5040,1707,5041,5038,5039],"_links":{"self":[{"href":"https:\/\/jornalnovametropole.com.br\/wp\/wp-json\/wp\/v2\/posts\/25162"}],"collection":[{"href":"https:\/\/jornalnovametropole.com.br\/wp\/wp-json\/wp\/v2\/posts"}],"about":[{"href":"https:\/\/jornalnovametropole.com.br\/wp\/wp-json\/wp\/v2\/types\/post"}],"author":[{"embeddable":true,"href":"https:\/\/jornalnovametropole.com.br\/wp\/wp-json\/wp\/v2\/users\/3"}],"replies":[{"embeddable":true,"href":"https:\/\/jornalnovametropole.com.br\/wp\/wp-json\/wp\/v2\/comments?post=25162"}],"version-history":[{"count":1,"href":"https:\/\/jornalnovametropole.com.br\/wp\/wp-json\/wp\/v2\/posts\/25162\/revisions"}],"predecessor-version":[{"id":25164,"href":"https:\/\/jornalnovametropole.com.br\/wp\/wp-json\/wp\/v2\/posts\/25162\/revisions\/25164"}],"wp:featuredmedia":[{"embeddable":true,"href":"https:\/\/jornalnovametropole.com.br\/wp\/wp-json\/wp\/v2\/media\/25163"}],"wp:attachment":[{"href":"https:\/\/jornalnovametropole.com.br\/wp\/wp-json\/wp\/v2\/media?parent=25162"}],"wp:term":[{"taxonomy":"category","embeddable":true,"href":"https:\/\/jornalnovametropole.com.br\/wp\/wp-json\/wp\/v2\/categories?post=25162"},{"taxonomy":"post_tag","embeddable":true,"href":"https:\/\/jornalnovametropole.com.br\/wp\/wp-json\/wp\/v2\/tags?post=25162"}],"curies":[{"name":"wp","href":"https:\/\/api.w.org\/{rel}","templated":true}]}}