{"id":25145,"date":"2019-11-08T12:56:57","date_gmt":"2019-11-08T12:56:57","guid":{"rendered":"http:\/\/jornalnovametropole.com.br\/wp\/?p=25145"},"modified":"2019-11-08T20:02:01","modified_gmt":"2019-11-08T20:02:01","slug":"chuva-forte-atesta-eficiencia-da-obra","status":"publish","type":"post","link":"https:\/\/jornalnovametropole.com.br\/wp\/chuva-forte-atesta-eficiencia-da-obra\/","title":{"rendered":"Chuva forte atesta efici\u00eancia da obra"},"content":{"rendered":"<h6><a href=\"http:\/\/jornalnovametropole.com.br\/wp\/wp-content\/uploads\/2019\/11\/CHUVA.jpg\"><img loading=\"lazy\" class=\"alignnone  wp-image-25146\" src=\"http:\/\/jornalnovametropole.com.br\/wp\/wp-content\/uploads\/2019\/11\/CHUVA-1024x576.jpg\" alt=\"CHUVA\" width=\"636\" height=\"397\" \/><\/a><\/h6>\n<h6><em>Foto: Eliandro Figueira\u00a0 RIC\/PMI<\/em><\/h6>\n<p>A obra de implanta\u00e7\u00e3o de galerias pluviais na regi\u00e3o do Jardim Calif\u00f3rnia passou pelo primeiro teste de efici\u00eancia com a chuva forte que atingiu a cidade na noite da ter\u00e7a-feira (5). O novo sistema de drenagem foi instalado nas imedia\u00e7\u00f5es da Vila Costa e Silva, incluindo a Rua dos Indai\u00e1s, Algemiro Coraini J\u00fanior, Silvio Talli e Ruas das Violetas, das Hort\u00eansias, das Palmas e das Cam\u00e9lias. Em alguns pontos da cidade foi registrado um volume da chuva de 55mm, o maior desde julho, quando as galerias foram interligadas, e n\u00e3o foi detectado nenhum dos antigos pontos de alagamento na regi\u00e3o.<br \/>\nSegundo o Prefeito Nilson Gaspar, o objetivo do trabalho foi cumprido. \u201cCom essa chuva, monitoramos os pontos mais cr\u00edticos da regi\u00e3o do Jardim Calif\u00f3rnia e verificamos que o sistema de drenagem est\u00e1 funcionando como projetado. Foi uma obra bastante complexa, mas realmente necess\u00e1ria. Fizemos o que era poss\u00edvel para minimizar os transtornos durante os trabalhos, e agora \u00e9 s\u00f3 aproveitar o benef\u00edcio que a obra trouxe\u201d, ressaltou.<br \/>\nA Administra\u00e7\u00e3o Municipal investiu cerca de R$ 3,6 milh\u00f5es na obra que foi iniciada em outubro de 2018 e que cumpriu o cronograma contratual, que era de dez meses.<br \/>\nAs novas galerias s\u00e3o compostas por mais de 2,1 mil metros de tubula\u00e7\u00e3o para a capta\u00e7\u00e3o de \u00e1guas pluviais e os trabalhos tamb\u00e9m inclu\u00edram a instala\u00e7\u00e3o de 1.667 metros de guias e sarjetas e mais 4.257 metros quadrados de pavimenta\u00e7\u00e3o de ruas que sofreram interven\u00e7\u00f5es. Todas as bocas de lobo tamb\u00e9m foram substitu\u00eddas para aumentar a \u00e1rea de capta\u00e7\u00e3o.<br \/>\nPara minimizar os transtornos desse tipo de obra, que inclui muitas escava\u00e7\u00f5es, a travessia sob a Avenida Francisco de Paula Leite foi realizada utilizando m\u00e9todo n\u00e3o destrutivo, na altura da liga\u00e7\u00e3o da Rua das Hort\u00eansias com a Rua das Palmas, no Jardim S\u00e3o Jos\u00e9.<br \/>\nO projeto foi realizado com base em um levantamento pr\u00e9vio dos pontos de alagamento, sendo o principal deles na Rua Domacyr Stocco J\u00fanior, no Jardim California. \u201cAs novas galerias captam as \u00e1guas de chuva que antes seguiam pela superf\u00edcie das ruas que d\u00e3o acesso \u00e0 Domacyr, causando pontos isolados de enchentes. Esse problema est\u00e1 resolvido\u201d, concluiu o prefeito.<br \/>\nDesde 2017 a Administra\u00e7\u00e3o Municipal vem realizando a\u00e7\u00f5es preliminares para a amplia\u00e7\u00e3o dessas galerias. Al\u00e9m da implanta\u00e7\u00e3o de um muro de ala em gabi\u00e3o para a prote\u00e7\u00e3o das encostas no lan\u00e7amento de \u00e1guas pluviais localizado no Jardim Belo Horizonte, em 2018 a Prefeitura e o Saae (Servi\u00e7o Aut\u00f4nomo de \u00c1gua e Esgotos) trabalharam na limpeza das galerias pluviais j\u00e1 existentes, pelo processo de hidrojateamento.<\/p>\n","protected":false},"excerpt":{"rendered":"<p>Foto: Eliandro Figueira\u00a0 RIC\/PMI A obra de implanta\u00e7\u00e3o de galerias pluviais na regi\u00e3o do Jardim Calif\u00f3rnia passou pelo primeiro teste<\/p>\n","protected":false},"author":3,"featured_media":25146,"comment_status":"closed","ping_status":"closed","sticky":false,"template":"","format":"standard","meta":[],"categories":[3],"tags":[5028,5027,5030,5031,5029],"_links":{"self":[{"href":"https:\/\/jornalnovametropole.com.br\/wp\/wp-json\/wp\/v2\/posts\/25145"}],"collection":[{"href":"https:\/\/jornalnovametropole.com.br\/wp\/wp-json\/wp\/v2\/posts"}],"about":[{"href":"https:\/\/jornalnovametropole.com.br\/wp\/wp-json\/wp\/v2\/types\/post"}],"author":[{"embeddable":true,"href":"https:\/\/jornalnovametropole.com.br\/wp\/wp-json\/wp\/v2\/users\/3"}],"replies":[{"embeddable":true,"href":"https:\/\/jornalnovametropole.com.br\/wp\/wp-json\/wp\/v2\/comments?post=25145"}],"version-history":[{"count":1,"href":"https:\/\/jornalnovametropole.com.br\/wp\/wp-json\/wp\/v2\/posts\/25145\/revisions"}],"predecessor-version":[{"id":25147,"href":"https:\/\/jornalnovametropole.com.br\/wp\/wp-json\/wp\/v2\/posts\/25145\/revisions\/25147"}],"wp:featuredmedia":[{"embeddable":true,"href":"https:\/\/jornalnovametropole.com.br\/wp\/wp-json\/wp\/v2\/media\/25146"}],"wp:attachment":[{"href":"https:\/\/jornalnovametropole.com.br\/wp\/wp-json\/wp\/v2\/media?parent=25145"}],"wp:term":[{"taxonomy":"category","embeddable":true,"href":"https:\/\/jornalnovametropole.com.br\/wp\/wp-json\/wp\/v2\/categories?post=25145"},{"taxonomy":"post_tag","embeddable":true,"href":"https:\/\/jornalnovametropole.com.br\/wp\/wp-json\/wp\/v2\/tags?post=25145"}],"curies":[{"name":"wp","href":"https:\/\/api.w.org\/{rel}","templated":true}]}}