{"id":25139,"date":"2019-11-08T13:44:02","date_gmt":"2019-11-08T13:44:02","guid":{"rendered":"http:\/\/jornalnovametropole.com.br\/wp\/?p=25139"},"modified":"2019-11-08T19:50:31","modified_gmt":"2019-11-08T19:50:31","slug":"prefeito-apresenta-em-brasilia-projetos-para-a-bacia-do-rio-jundiai-em-indaiatuba","status":"publish","type":"post","link":"https:\/\/jornalnovametropole.com.br\/wp\/prefeito-apresenta-em-brasilia-projetos-para-a-bacia-do-rio-jundiai-em-indaiatuba\/","title":{"rendered":"Prefeito apresenta em Bras\u00edlia projetos para a bacia do Rio Jundia\u00ed em Indaiatuba"},"content":{"rendered":"<h3><a href=\"http:\/\/jornalnovametropole.com.br\/wp\/wp-content\/uploads\/2019\/11\/08-Rio-Jundia\u00ed.jpg\"><img loading=\"lazy\" class=\"alignnone size-full wp-image-25140\" src=\"http:\/\/jornalnovametropole.com.br\/wp\/wp-content\/uploads\/2019\/11\/08-Rio-Jundia\u00ed.jpg\" alt=\"08 - Rio Jundia\u00ed\" width=\"900\" height=\"600\" srcset=\"https:\/\/jornalnovametropole.com.br\/wp\/wp-content\/uploads\/2019\/11\/08-Rio-Jundia\u00ed.jpg 900w, https:\/\/jornalnovametropole.com.br\/wp\/wp-content\/uploads\/2019\/11\/08-Rio-Jundia\u00ed-300x200.jpg 300w\" sizes=\"(max-width: 900px) 100vw, 900px\" \/><\/a><\/h3>\n<h3><strong>Dentre os investimentos est\u00e3o as melhorias na regi\u00e3o de Itaici<\/strong><\/h3>\n<h6><em>Foto\u00a0DCS Saae\u00a0<\/em><\/h6>\n<p>O Prefeito Nilson Gaspar (MDB) e a superintendente adjunta do Saae (Servi\u00e7o Aut\u00f4nomo de \u00c1gua e Esgotos), Vanessa K\u00fchl, estiveram em Bras\u00edlia, na ter\u00e7a-feira (29), para apresentar o \u2018Programa Integrado de Saneamento e Recursos H\u00eddricos de Indaiatuba \/SP &#8211; Rio Jundia\u00ed Limpo\u2019, no Minist\u00e9rio da Economia e representantes de setores ligados aos Recursos Externos.<br \/>\nO projeto prev\u00ea obras importantes na Bacia do Rio Jundia\u00ed, principalmente na Margem Esquerda, onde est\u00e1 a regi\u00e3o de Itaici, como a constru\u00e7\u00e3o de uma nova Esta\u00e7\u00e3o de Tratamento de \u00c1gua, reservat\u00f3rios, adutoras, interceptor de esgotos na Margem Esquerda do Rio e implanta\u00e7\u00e3o da segunda fase do projeto de distribui\u00e7\u00e3o de \u00c1gua de Reuso.<br \/>\nNa sexta-feira, 25 de outubro, a Prefeitura enviou o projeto, via Carta-Consulta, para a COFIEX que \u00e9 a Comiss\u00e3o de Financiamento Externo, composta por diferentes \u00f3rg\u00e3os da Esfera Federal, entre eles a Secretaria de Assuntos Internacionais do Minist\u00e9rio da Fazenda &#8211; SAIN\/MF, ligado ao Minist\u00e9rio da Economia. Indaiatuba foi selecionada na sequ\u00eancia, o que resultou na viagem para Bras\u00edlia essa semana.<br \/>\nPara o Prefeito de Indaiatuba, ser selecionado com tanta rapidez j\u00e1 mostra que a cidade desenvolve projetos vi\u00e1veis de melhorias. \u201cA reuni\u00e3o foi muito produtiva, tivemos a oportunidade de mostrar o comprometimento e a seriedade da nossa Administra\u00e7\u00e3o e o potencial de nosso munic\u00edpio. Sinto-me privilegiado e orgulhoso em poder representar Indaiatuba. Durante o encontro recebemos um feedback positivo do Conselho, por isso, acredito que em breve, teremos boas not\u00edcias\u201d, comenta Nilson Gaspar.<br \/>\nA superintendente adjunta, explica que a an\u00e1lise do Processo \u00e9 feita por meio da Carta-Consulta, que \u00e9 um Pleito de Financiamento referente a um projeto que contar\u00e1 com recursos externos e deve conter os seus respectivos componentes, produtos e custos previstos, bem como o objetivo e outras informa\u00e7\u00f5es necess\u00e1rias \u00e0 avalia\u00e7\u00e3o do Pleito. \u201cA partir de agora a COFIEX analisa e se for positivo, autoriza a assinatura do Contrato. A aprova\u00e7\u00e3o na COFIEX, coordenada pela Secretaria de Assuntos Econ\u00f4micos Internacionais, \u00e9 a primeira etapa para a obten\u00e7\u00e3o dos financiamentos externos com a garantia da Uni\u00e3o\u201d, diz Vanessa K\u00fchl.<\/p>\n<p><em><strong>RECURSOS INTERNACIONAIS<\/strong><\/em><br \/>\nOs projetos s\u00e3o realizados com recursos de organismos internacionais como o Fundo Internacional para o Desenvolvimento da Agricultura (Fida), o Green Climate Fund (GCF), o Banco Interamericano de Desenvolvimento (BID), o Novo Banco de Desenvolvimento (NDB), o Banco de Desenvolvimento da Am\u00e9rica Latina (CAF) e o Fundo Financeiro para o Desenvolvimento da Bacia do Prata (Fonplata).<\/p>\n","protected":false},"excerpt":{"rendered":"<p>Dentre os investimentos est\u00e3o as melhorias na regi\u00e3o de Itaici Foto\u00a0DCS Saae\u00a0 O Prefeito Nilson Gaspar (MDB) e a superintendente<\/p>\n","protected":false},"author":3,"featured_media":25140,"comment_status":"closed","ping_status":"closed","sticky":false,"template":"","format":"standard","meta":[],"categories":[3],"tags":[5023],"_links":{"self":[{"href":"https:\/\/jornalnovametropole.com.br\/wp\/wp-json\/wp\/v2\/posts\/25139"}],"collection":[{"href":"https:\/\/jornalnovametropole.com.br\/wp\/wp-json\/wp\/v2\/posts"}],"about":[{"href":"https:\/\/jornalnovametropole.com.br\/wp\/wp-json\/wp\/v2\/types\/post"}],"author":[{"embeddable":true,"href":"https:\/\/jornalnovametropole.com.br\/wp\/wp-json\/wp\/v2\/users\/3"}],"replies":[{"embeddable":true,"href":"https:\/\/jornalnovametropole.com.br\/wp\/wp-json\/wp\/v2\/comments?post=25139"}],"version-history":[{"count":1,"href":"https:\/\/jornalnovametropole.com.br\/wp\/wp-json\/wp\/v2\/posts\/25139\/revisions"}],"predecessor-version":[{"id":25141,"href":"https:\/\/jornalnovametropole.com.br\/wp\/wp-json\/wp\/v2\/posts\/25139\/revisions\/25141"}],"wp:featuredmedia":[{"embeddable":true,"href":"https:\/\/jornalnovametropole.com.br\/wp\/wp-json\/wp\/v2\/media\/25140"}],"wp:attachment":[{"href":"https:\/\/jornalnovametropole.com.br\/wp\/wp-json\/wp\/v2\/media?parent=25139"}],"wp:term":[{"taxonomy":"category","embeddable":true,"href":"https:\/\/jornalnovametropole.com.br\/wp\/wp-json\/wp\/v2\/categories?post=25139"},{"taxonomy":"post_tag","embeddable":true,"href":"https:\/\/jornalnovametropole.com.br\/wp\/wp-json\/wp\/v2\/tags?post=25139"}],"curies":[{"name":"wp","href":"https:\/\/api.w.org\/{rel}","templated":true}]}}