{"id":25046,"date":"2019-11-01T10:00:26","date_gmt":"2019-11-01T10:00:26","guid":{"rendered":"http:\/\/jornalnovametropole.com.br\/wp\/?p=25046"},"modified":"2019-11-01T13:22:10","modified_gmt":"2019-11-01T13:22:10","slug":"o-desafio-do-cuidar-o-assunto-sera-abordado-pela-maria-julia-paes-da-silva-na-unimax","status":"publish","type":"post","link":"https:\/\/jornalnovametropole.com.br\/wp\/o-desafio-do-cuidar-o-assunto-sera-abordado-pela-maria-julia-paes-da-silva-na-unimax\/","title":{"rendered":"\u2018O desafio do cuidar\u2019 o assunto ser\u00e1 abordado pela Maria J\u00falia Paes da Silva na UniMAX"},"content":{"rendered":"<h3><a href=\"http:\/\/jornalnovametropole.com.br\/wp\/wp-content\/uploads\/2019\/11\/09-Professora-Maria-Julia-Paes-da-Silva_palestra_O-desafio-do-cuidar.jpg\"><img loading=\"lazy\" class=\"alignnone size-full wp-image-25009\" src=\"http:\/\/jornalnovametropole.com.br\/wp\/wp-content\/uploads\/2019\/11\/09-Professora-Maria-Julia-Paes-da-Silva_palestra_O-desafio-do-cuidar.jpg\" alt=\"09 - Professora Maria Julia Paes da Silva_palestra_O desafio do cuidar\" width=\"900\" height=\"664\" srcset=\"https:\/\/jornalnovametropole.com.br\/wp\/wp-content\/uploads\/2019\/11\/09-Professora-Maria-Julia-Paes-da-Silva_palestra_O-desafio-do-cuidar.jpg 900w, https:\/\/jornalnovametropole.com.br\/wp\/wp-content\/uploads\/2019\/11\/09-Professora-Maria-Julia-Paes-da-Silva_palestra_O-desafio-do-cuidar-300x221.jpg 300w\" sizes=\"(max-width: 900px) 100vw, 900px\" \/><\/a><\/h3>\n<h3><strong>Tema de palestra gratuita no Centro Universit\u00e1rio Max Planck<\/strong><\/h3>\n<p>Na segunda-feira, dia 18, \u00e0s 19h30, a UniMAX \u2013 (Centro Universit\u00e1rio Max Planck) de Indaiatuba promove a palestra gratuita \u2018O Desafio do Cuidar\u2019 com Maria J\u00falia Paes da Silva, bacharel em Enfermagem, mestrado, doutorado e livre-doc\u00eancia em Enfermagem pela Escola de Enfermagem da USP (Universidade de S\u00e3o Paulo). O evento \u00e9 organizado pelo curso de Enfermagem coordenado pelo professor Alexandro Marcos Meneg\u00f3cio e acontece no Audit\u00f3rio da Institui\u00e7\u00e3o que fica na Avenida 9 de Dezembro, 460 \u2013 Jardim Pedroso em Indaiatuba.<br \/>\nAtualmente, a palestrante \u00e9 professora titular aposentada pela Universidade de S\u00e3o Paulo. Tem experi\u00eancia na \u00e1rea de Enfermagem e Sa\u00fade, com \u00eanfase nos temas: Comunica\u00e7\u00e3o interpessoal e terap\u00eautica, humaniza\u00e7\u00e3o e qualidade nos atendimentos na \u00c1rea da Sa\u00fade e pr\u00e1ticas integrativas e complementares da Sa\u00fade.<br \/>\nMaria J\u00falia \u00e9 autora dos livros \u2018Comunica\u00e7\u00e3o tem Rem\u00e9dio: A Comunica\u00e7\u00e3o nas Rela\u00e7\u00f5es Interpessoais em Sa\u00fade\u2019; \u2018Qual o Tempo do Cuidado? Humanizando os Cuidados de Enfermagem\u2019; \u2018No Caminho: Fragmentos para ser o Melhor\u2019 e \u2018O Amor \u00e9 o Caminho\u2019 todos publicados pela Editora Loyola.<br \/>\nPara participar, o interessado deve acessar o link \u2013 Palestra \u2018O Desafio do Cuidar\u2019 &#8211; https:\/\/docs.google.com\/forms\/d\/e\/1FAIpQLSeQbdKCEDt67n8AkdNp0NSjylIWhgc4RPnrD7ZGtm9EkSlOww\/viewform.<\/p>\n","protected":false},"excerpt":{"rendered":"<p>Tema de palestra gratuita no Centro Universit\u00e1rio Max Planck Na segunda-feira, dia 18, \u00e0s 19h30, a UniMAX \u2013 (Centro Universit\u00e1rio<\/p>\n","protected":false},"author":3,"featured_media":25009,"comment_status":"closed","ping_status":"closed","sticky":false,"template":"","format":"standard","meta":[],"categories":[3],"tags":[4981],"_links":{"self":[{"href":"https:\/\/jornalnovametropole.com.br\/wp\/wp-json\/wp\/v2\/posts\/25046"}],"collection":[{"href":"https:\/\/jornalnovametropole.com.br\/wp\/wp-json\/wp\/v2\/posts"}],"about":[{"href":"https:\/\/jornalnovametropole.com.br\/wp\/wp-json\/wp\/v2\/types\/post"}],"author":[{"embeddable":true,"href":"https:\/\/jornalnovametropole.com.br\/wp\/wp-json\/wp\/v2\/users\/3"}],"replies":[{"embeddable":true,"href":"https:\/\/jornalnovametropole.com.br\/wp\/wp-json\/wp\/v2\/comments?post=25046"}],"version-history":[{"count":1,"href":"https:\/\/jornalnovametropole.com.br\/wp\/wp-json\/wp\/v2\/posts\/25046\/revisions"}],"predecessor-version":[{"id":25047,"href":"https:\/\/jornalnovametropole.com.br\/wp\/wp-json\/wp\/v2\/posts\/25046\/revisions\/25047"}],"wp:featuredmedia":[{"embeddable":true,"href":"https:\/\/jornalnovametropole.com.br\/wp\/wp-json\/wp\/v2\/media\/25009"}],"wp:attachment":[{"href":"https:\/\/jornalnovametropole.com.br\/wp\/wp-json\/wp\/v2\/media?parent=25046"}],"wp:term":[{"taxonomy":"category","embeddable":true,"href":"https:\/\/jornalnovametropole.com.br\/wp\/wp-json\/wp\/v2\/categories?post=25046"},{"taxonomy":"post_tag","embeddable":true,"href":"https:\/\/jornalnovametropole.com.br\/wp\/wp-json\/wp\/v2\/tags?post=25046"}],"curies":[{"name":"wp","href":"https:\/\/api.w.org\/{rel}","templated":true}]}}