{"id":24859,"date":"2019-10-14T13:08:43","date_gmt":"2019-10-14T13:08:43","guid":{"rendered":"http:\/\/jornalnovametropole.com.br\/wp\/?p=24859"},"modified":"2019-10-14T13:16:28","modified_gmt":"2019-10-14T13:16:28","slug":"secretaria-de-seguranca-publica-de-indaiatuba-forma-32-novos-guardas-civis","status":"publish","type":"post","link":"https:\/\/jornalnovametropole.com.br\/wp\/secretaria-de-seguranca-publica-de-indaiatuba-forma-32-novos-guardas-civis\/","title":{"rendered":"Secretaria de Seguran\u00e7a P\u00fablica de Indaiatuba forma 32 novos Guardas Civis"},"content":{"rendered":"<p><a href=\"http:\/\/jornalnovametropole.com.br\/wp\/wp-content\/uploads\/2019\/10\/Formatura-GC-3.jpg\"><img loading=\"lazy\" class=\"alignnone wp-image-24862 \" src=\"http:\/\/jornalnovametropole.com.br\/wp\/wp-content\/uploads\/2019\/10\/Formatura-GC-3.jpg\" alt=\"Formatura GC 3\" width=\"1142\" height=\"697\" \/><\/a><\/p>\n<p><span style=\"font-size: 21px; font-family: helvetica;\"><strong>Agentes da 16\u00aa Turma ir\u00e3o refor\u00e7ar o patrulhamento preventivo no munic\u00edpio<\/strong><\/span><\/p>\n<p><span style=\"font-size: 8pt;\"><em>Fotos: Eliandro Figueira \u2013 RIC\/PMI<\/em><\/span><\/p>\n<p>O prefeito Nilson Gaspar e o secret\u00e1rio de Seguran\u00e7a P\u00fablica, Sandro Bezerra Lima, receberam o prefeito de Elias Fausto, Maur\u00edcio Baroni, e o prefeito de Capivari, Rodrigo Abdala Proen\u00e7a, para cerim\u00f4nia de Formatura da 16\u00aa Turma da Guarda Civil.<\/p>\n<p>A solenidade aconteceu na manh\u00e3 desta quinta-feira (10), na Pra\u00e7a do Lago e contou com a participa\u00e7\u00e3o da Banda do Ex\u00e9rcito Brasileiro. O curso de forma\u00e7\u00e3o em Seguran\u00e7a P\u00fablica, ministrado pela divis\u00e3o de ensino e treinamento da Guarda Civil de Indaiatuba, teve dura\u00e7\u00e3o de sete meses e contou com mais de 1.100 horas de aulas.<\/p>\n<p>Os 46 aspirantes, sendo 32 de Indaiatuba, tr\u00eas de Elias Fausto e 11 de Capivari receberam treinamentos tais como: fun\u00e7\u00f5es e atribui\u00e7\u00f5es da Guarda Civil, Ordem Unida e Patrulhamento Ostensivo, no\u00e7\u00f5es b\u00e1sicas de primeiros socorros, viol\u00eancia dom\u00e9stica, pr\u00e1ticas operacionais como tiro, abordagem, armamento, muni\u00e7\u00e3o, defesa pessoal, nata\u00e7\u00e3o, disciplina, \u00e9tica, direitos humanos e cidadania, legisla\u00e7\u00e3o de direito, comunica\u00e7\u00e3o social, etc.<\/p>\n<p>O prefeito Nilson Gaspar destacou a import\u00e2ncia da Guarda Civil para a Seguran\u00e7a P\u00fablica de Indaiatuba. \u201cA seguran\u00e7a de Indaiatuba \u00e9 destaque em nossa regi\u00e3o. Escutar um juramento com tanta energia, comprometimento e emo\u00e7\u00e3o me orgulha muito. Nosso funcionalismo p\u00fablico \u00e9 diferenciado, trabalha e cuida com afinco de nossa popula\u00e7\u00e3o, e esse empenho contribui muito para deixar nossa Indaiatuba uma cidade ainda melhor de se viver\u201d.<\/p>\n<p>O secret\u00e1rio de Seguran\u00e7a P\u00fablica de Indaiatuba, Sandro Bezerra Lima, recordou a \u00e9poca em que ingressou \u00e0 Guarda Civil de Indaiatuba. \u201cAgrade\u00e7o nosso prefeito que n\u00e3o mede esfor\u00e7os para melhorar o atendimento \u00e0 popula\u00e7\u00e3o e contratou 32 novos guardas. H\u00e1 21 anos foi minha formatura de guarda civil e vejo como a Corpora\u00e7\u00e3o cresceu e melhorou. Falo em n\u00fameros de efetivos, nos patrulhamentos ostensivos, de preven\u00e7\u00e3o e na parte interna, que re\u00fane o planejamento, estat\u00edstica e intelig\u00eancia. Todo crescimento s\u00f3 foi poss\u00edvel e continua sendo vi\u00e1vel devido ao olhar de gest\u00f5es s\u00e9rias e comprometidas com a popula\u00e7\u00e3o.\u201d<\/p>\n<p>O presidente da C\u00e2mara de Indaiatuba, H\u00e9lio Alves Ribeiro, discursou em nome dos vereadores presentes, Luiz Alberto Pereira (Cebolinha), Silene Carvaline, Jorge Luiz Lepinsky (Pepo), Ade\u00edlson Pereira (Figura) e Jo\u00e3o de Souza Neto (Januba). \u201cEsta formatura \u00e9 diferente, voc\u00eas fizeram um juramento de sacrificar a pr\u00f3pria vida em nome da seguran\u00e7a da popula\u00e7\u00e3o. S\u00f3 me resta pedir a Deus que os guarde e os proteja em todos os dias que sa\u00edrem de casa e deixarem os seus para cuidar de nossa sociedade.\u201d<\/p>\n<p>Tamb\u00e9m participaram da cerim\u00f4nia a diretora da Guarda Civil de Indaiatuba, Inspetora Marilsa Souza, o secret\u00e1rio de Seguran\u00e7a P\u00fablica de Elias Fausto, Paulo Rog\u00e9rio da Silva, o Sub Comandante de Capivari, Reginaldo, e demais autoridades.<\/p>\n<p><a href=\"http:\/\/jornalnovametropole.com.br\/wp\/wp-content\/uploads\/2019\/10\/Formatura-GC.jpg\"><img loading=\"lazy\" class=\"alignnone size-large wp-image-24863\" src=\"http:\/\/jornalnovametropole.com.br\/wp\/wp-content\/uploads\/2019\/10\/Formatura-GC-1024x721.jpg\" alt=\"Formatura GC\" width=\"485\" height=\"341\" srcset=\"https:\/\/jornalnovametropole.com.br\/wp\/wp-content\/uploads\/2019\/10\/Formatura-GC-1024x721.jpg 1024w, https:\/\/jornalnovametropole.com.br\/wp\/wp-content\/uploads\/2019\/10\/Formatura-GC-300x211.jpg 300w, https:\/\/jornalnovametropole.com.br\/wp\/wp-content\/uploads\/2019\/10\/Formatura-GC.jpg 1600w\" sizes=\"(max-width: 485px) 100vw, 485px\" \/><\/a> <a href=\"http:\/\/jornalnovametropole.com.br\/wp\/wp-content\/uploads\/2019\/10\/Formatura-GC-2.jpg\"><img loading=\"lazy\" class=\"alignnone size-large wp-image-24861\" src=\"http:\/\/jornalnovametropole.com.br\/wp\/wp-content\/uploads\/2019\/10\/Formatura-GC-2-1024x672.jpg\" alt=\"Formatura GC 2\" width=\"485\" height=\"318\" srcset=\"https:\/\/jornalnovametropole.com.br\/wp\/wp-content\/uploads\/2019\/10\/Formatura-GC-2-1024x672.jpg 1024w, https:\/\/jornalnovametropole.com.br\/wp\/wp-content\/uploads\/2019\/10\/Formatura-GC-2-300x197.jpg 300w, https:\/\/jornalnovametropole.com.br\/wp\/wp-content\/uploads\/2019\/10\/Formatura-GC-2.jpg 1600w\" sizes=\"(max-width: 485px) 100vw, 485px\" \/><\/a> <a href=\"http:\/\/jornalnovametropole.com.br\/wp\/wp-content\/uploads\/2019\/10\/Formatura-GC4.jpg\"><img loading=\"lazy\" class=\"alignnone size-large wp-image-24860\" src=\"http:\/\/jornalnovametropole.com.br\/wp\/wp-content\/uploads\/2019\/10\/Formatura-GC4-1024x669.jpg\" alt=\"Formatura GC4\" width=\"485\" height=\"317\" srcset=\"https:\/\/jornalnovametropole.com.br\/wp\/wp-content\/uploads\/2019\/10\/Formatura-GC4-1024x669.jpg 1024w, https:\/\/jornalnovametropole.com.br\/wp\/wp-content\/uploads\/2019\/10\/Formatura-GC4-300x196.jpg 300w, https:\/\/jornalnovametropole.com.br\/wp\/wp-content\/uploads\/2019\/10\/Formatura-GC4.jpg 1600w\" sizes=\"(max-width: 485px) 100vw, 485px\" \/><\/a><\/p>\n","protected":false},"excerpt":{"rendered":"<p>Agentes da 16\u00aa Turma ir\u00e3o refor\u00e7ar o patrulhamento preventivo no munic\u00edpio Fotos: Eliandro Figueira \u2013 RIC\/PMI O prefeito Nilson Gaspar<\/p>\n","protected":false},"author":3,"featured_media":24862,"comment_status":"closed","ping_status":"closed","sticky":false,"template":"","format":"standard","meta":[],"categories":[3],"tags":[4931],"_links":{"self":[{"href":"https:\/\/jornalnovametropole.com.br\/wp\/wp-json\/wp\/v2\/posts\/24859"}],"collection":[{"href":"https:\/\/jornalnovametropole.com.br\/wp\/wp-json\/wp\/v2\/posts"}],"about":[{"href":"https:\/\/jornalnovametropole.com.br\/wp\/wp-json\/wp\/v2\/types\/post"}],"author":[{"embeddable":true,"href":"https:\/\/jornalnovametropole.com.br\/wp\/wp-json\/wp\/v2\/users\/3"}],"replies":[{"embeddable":true,"href":"https:\/\/jornalnovametropole.com.br\/wp\/wp-json\/wp\/v2\/comments?post=24859"}],"version-history":[{"count":3,"href":"https:\/\/jornalnovametropole.com.br\/wp\/wp-json\/wp\/v2\/posts\/24859\/revisions"}],"predecessor-version":[{"id":24866,"href":"https:\/\/jornalnovametropole.com.br\/wp\/wp-json\/wp\/v2\/posts\/24859\/revisions\/24866"}],"wp:featuredmedia":[{"embeddable":true,"href":"https:\/\/jornalnovametropole.com.br\/wp\/wp-json\/wp\/v2\/media\/24862"}],"wp:attachment":[{"href":"https:\/\/jornalnovametropole.com.br\/wp\/wp-json\/wp\/v2\/media?parent=24859"}],"wp:term":[{"taxonomy":"category","embeddable":true,"href":"https:\/\/jornalnovametropole.com.br\/wp\/wp-json\/wp\/v2\/categories?post=24859"},{"taxonomy":"post_tag","embeddable":true,"href":"https:\/\/jornalnovametropole.com.br\/wp\/wp-json\/wp\/v2\/tags?post=24859"}],"curies":[{"name":"wp","href":"https:\/\/api.w.org\/{rel}","templated":true}]}}