{"id":24688,"date":"2019-10-04T13:01:18","date_gmt":"2019-10-04T13:01:18","guid":{"rendered":"http:\/\/jornalnovametropole.com.br\/wp\/?p=24688"},"modified":"2019-10-04T13:01:18","modified_gmt":"2019-10-04T13:01:18","slug":"contos-negreiros-do-brasil-se-apresenta-no-piano","status":"publish","type":"post","link":"https:\/\/jornalnovametropole.com.br\/wp\/contos-negreiros-do-brasil-se-apresenta-no-piano\/","title":{"rendered":"\u2018Contos Negreiros do Brasil\u2019 se apresenta no Piano"},"content":{"rendered":"<p><img loading=\"lazy\" class=\"alignnone size-full wp-image-24685\" src=\"http:\/\/jornalnovametropole.com.br\/wp\/wp-content\/uploads\/2019\/10\/15-Contos-Negreiros-do-Brasil.jpg\" alt=\"\" width=\"900\" height=\"638\" srcset=\"https:\/\/jornalnovametropole.com.br\/wp\/wp-content\/uploads\/2019\/10\/15-Contos-Negreiros-do-Brasil.jpg 900w, https:\/\/jornalnovametropole.com.br\/wp\/wp-content\/uploads\/2019\/10\/15-Contos-Negreiros-do-Brasil-300x213.jpg 300w, https:\/\/jornalnovametropole.com.br\/wp\/wp-content\/uploads\/2019\/10\/15-Contos-Negreiros-do-Brasil-768x544.jpg 768w\" sizes=\"(max-width: 900px) 100vw, 900px\" \/><\/p>\n<p><strong>Pe\u00e7a gratuita integra o Circuito Cultural Paulista no Piano, \u00e0s 20h<\/strong><\/p>\n<p>Com apoio da Secretaria Municipal de Cultura, o Circuito Cultural Paulista, apresenta no dia 4 no Centro Cultural Hermenegildo Pinto (Piano) a pe\u00e7a \u2018Contos Negreiros do Brasil\u2019, um espet\u00e1culo document\u00e1rio sobre a condi\u00e7\u00e3o real e atual do negro no Brasil; seja o jovem estudante, o gay negro, a negra hipersexualizada pela sociedade, o menor infrator, a prostituta ou a idosa. Com entrada gratuita, a pe\u00e7a ser\u00e1 exibida \u00e0s 20h e tem classifica\u00e7\u00e3o indicativa 14 anos.<br \/>\nOs personagens veem as cenas por meio de estat\u00edsticas apresentadas pelo ator, soci\u00f3logo e fil\u00f3sofo Rodrigo Fran\u00e7a, com dados atuais que s\u00e3o expostos para a plateia. Os atores Aline Borges, Marcelo Dias e Val\u00e9ria Mon\u00e3 interpretam todos os personagens contidos nos 12 contos do livro \u2018Contos Negreiros\u2019 (Pr\u00eamio Jabuti &#8211; 2006), de Marcelino Freire. A dire\u00e7\u00e3o \u00e9 de Fernando Philbert e a dire\u00e7\u00e3o musical \u00e9 feita pela Ma\u00edra Freitas. As m\u00fasicas do espet\u00e1culo s\u00e3o c\u00e2nticos milenares da cultura Iorub\u00e1, vinda da cultura africana.<br \/>\n\u2018Contos Negreiros\u2019 faz uma grande homenagem aos personagens negros que fizeram hist\u00f3ria, como: Machado de Assis, Andr\u00e9 Rebou\u00e7as, Carolina Maria de Jesus, Virg\u00ednia Bicudo, Juliano Moreira e Lima Barreto. O Circuito Cultural Paulista \u00e9 um programa do Governo do Estado de S\u00e3o Paulo que visa promover a difus\u00e3o cultural descentralizada.<\/p>\n","protected":false},"excerpt":{"rendered":"<p>Pe\u00e7a gratuita integra o Circuito Cultural Paulista no Piano, \u00e0s 20h Com apoio da Secretaria Municipal de Cultura, o Circuito<\/p>\n","protected":false},"author":3,"featured_media":24685,"comment_status":"closed","ping_status":"open","sticky":false,"template":"","format":"standard","meta":[],"categories":[3000,5],"tags":[4895],"_links":{"self":[{"href":"https:\/\/jornalnovametropole.com.br\/wp\/wp-json\/wp\/v2\/posts\/24688"}],"collection":[{"href":"https:\/\/jornalnovametropole.com.br\/wp\/wp-json\/wp\/v2\/posts"}],"about":[{"href":"https:\/\/jornalnovametropole.com.br\/wp\/wp-json\/wp\/v2\/types\/post"}],"author":[{"embeddable":true,"href":"https:\/\/jornalnovametropole.com.br\/wp\/wp-json\/wp\/v2\/users\/3"}],"replies":[{"embeddable":true,"href":"https:\/\/jornalnovametropole.com.br\/wp\/wp-json\/wp\/v2\/comments?post=24688"}],"version-history":[{"count":1,"href":"https:\/\/jornalnovametropole.com.br\/wp\/wp-json\/wp\/v2\/posts\/24688\/revisions"}],"predecessor-version":[{"id":24689,"href":"https:\/\/jornalnovametropole.com.br\/wp\/wp-json\/wp\/v2\/posts\/24688\/revisions\/24689"}],"wp:featuredmedia":[{"embeddable":true,"href":"https:\/\/jornalnovametropole.com.br\/wp\/wp-json\/wp\/v2\/media\/24685"}],"wp:attachment":[{"href":"https:\/\/jornalnovametropole.com.br\/wp\/wp-json\/wp\/v2\/media?parent=24688"}],"wp:term":[{"taxonomy":"category","embeddable":true,"href":"https:\/\/jornalnovametropole.com.br\/wp\/wp-json\/wp\/v2\/categories?post=24688"},{"taxonomy":"post_tag","embeddable":true,"href":"https:\/\/jornalnovametropole.com.br\/wp\/wp-json\/wp\/v2\/tags?post=24688"}],"curies":[{"name":"wp","href":"https:\/\/api.w.org\/{rel}","templated":true}]}}