{"id":24650,"date":"2019-09-27T14:49:29","date_gmt":"2019-09-27T14:49:29","guid":{"rendered":"http:\/\/jornalnovametropole.com.br\/wp\/?p=24650"},"modified":"2019-09-27T18:56:38","modified_gmt":"2019-09-27T18:56:38","slug":"programa-caminho-das-rosas-comemora-um-ano-e-anuncia-novidades","status":"publish","type":"post","link":"https:\/\/jornalnovametropole.com.br\/wp\/programa-caminho-das-rosas-comemora-um-ano-e-anuncia-novidades\/","title":{"rendered":"Programa Caminho das Rosas comemora um ano e anuncia novidades"},"content":{"rendered":"<p>A Prefeitura de Indaiatuba promoveu na quarta-feira (25) mais uma edi\u00e7\u00e3o do A\u00e7\u00e3o Mulher, que teve como foco a apresenta\u00e7\u00e3o dos resultados do primeiro ano do Programa de Preven\u00e7\u00e3o \u00e0 Viol\u00eancia Contra a Mulher \u2013 Caminho das Rosas e tamb\u00e9m o an\u00fancio de algumas novidades, como a viatura identificada com o logo do programa. O evento aconteceu no Mosteiro de Itaici e contou com as presen\u00e7as do Prefeito Nilson Gaspar (MDB), da secret\u00e1ria de Cultura e idealizadora do programa, T\u00e2nia Castanho, da delegada da Delegacia de Defesa da Mulher (DDM), Bruna Romeiro, da vereadora Silene Carvalini (PP), entre outras autoridades e empres\u00e1rias.<br \/>\nO gestor municipal lembrou que seu governo est\u00e1 focado em desenvolver Pol\u00edticas P\u00fablicas que trazem mais tranquilidade e seguran\u00e7a \u00e0s pessoas. \u201cDe acordo com o Minist\u00e9rio da Sa\u00fade somente em 2018 foram registrados 145 mil casos de viol\u00eancia contra a mulher no Brasil, com uma agress\u00e3o a casa quatro minutos. N\u00e3o podemos mais aceitar essa situa\u00e7\u00e3o, por isso o Programa Caminho das Rosas est\u00e1 unindo for\u00e7as entre a Prefeitura (por meio das Secretarias de Seguran\u00e7a, Sa\u00fade, Assist\u00eancia Social, Esportes e Cultura), Pol\u00edcias Civil e Militar, Minist\u00e9rio P\u00fablico, entre outras Institui\u00e7\u00f5es, preparando todas as equipes de atendimento para que a mulher seja acolhida e n\u00e3o aceite viver em situa\u00e7\u00e3o de viol\u00eancia\u201d, enfatizou.<br \/>\n\u201cMuitas vezes a mulher que vive a viol\u00eancia dom\u00e9stica est\u00e1 com seu lado emocional destru\u00eddo e n\u00e3o tem for\u00e7as ou coragem para sair daquela situa\u00e7\u00e3o. Unindo nossas for\u00e7as queremos oferecer a essa mulher uma sociedade que a ampara, orienta e ofere\u00e7a uma oportunidade. Al\u00e9m das parcerias que j\u00e1 temos, muitas empres\u00e1rias tamb\u00e9m sinalizaram apoio e parceria \u00e0 nossa iniciativa\u201d, explicou a idealizadora do programa, T\u00e2nia Castanho.<br \/>\nEla tamb\u00e9m anunciou novidades. \u201cUm grupo formado inicialmente por 15 guardas civis far\u00e1 em breve o curso \u2018Patrulha Maria da Penha\u2019, com foco no atendimento \u00e0 viol\u00eancia contra a mulher. Os agentes direcionados para o atendimento \u00e0s ocorr\u00eancias atuar\u00e3o identificados com a bra\u00e7adeira e tamb\u00e9m contar\u00e3o com a viatura espec\u00edfica para o atendimento \u00e0s ocorr\u00eancias que abrangem o Caminho das Rosas, como o cumprimento das medidas protetivas, por exemplo. Nosso programa est\u00e1 se fortalecendo cada vez mais, para o bem de nossas mulheres\u201d, concluiu.<br \/>\nO \u2018A\u00e7\u00e3o Mulher\u2019 contou ainda com a explana\u00e7\u00e3o dos respons\u00e1veis por cada setor do Caminho das Rosas. A diretora da Secretaria de Assist\u00eancia Social, Viviane Barnab\u00e9, abordou as a\u00e7\u00f5es sociais relacionadas ao Programa Caminho das Rosas a diretora da Guarda Civil, inspetora Marilsa Souza, falou sobre as quest\u00f5es envolvendo a seguran\u00e7a; e a assessora m\u00e9dica da Secretaria de Sa\u00fade, Helo\u00edsa Salatino, sobre os atendimentos registrados na \u00c1rea da Sa\u00fade.<br \/>\nDentro das pr\u00f3ximas a\u00e7\u00f5es do Caminho das Rosas, est\u00e1 previsto um treinamento espec\u00edfico para m\u00e9dicos que abordar\u00e1 os principais sinais e sintomas de uma mulher v\u00edtima de viol\u00eancia; e tamb\u00e9m a implanta\u00e7\u00e3o do atendimento priorit\u00e1rio para as v\u00edtimas de viol\u00eancia dom\u00e9stica que estejam acompanhadas de guarda civil ou autoridade policial.<br \/>\nDesde o lan\u00e7amento do programa, em 3 de setembro de 2018, cerca de duas mil profissionais das Secretarias de Sa\u00fade, Assist\u00eancia Social e Seguran\u00e7a participaram do \u2018Treinamento de Humaniza\u00e7\u00e3o no Acolhimento \u00e0 Mulher\u2019, ministrado pelo m\u00e9dico neurologista Dr. Luiz Ant\u00f4nio da Costa Sardinha.<\/p>\n<p>DADOS<br \/>\nDe janeiro a agosto de 2019 a Guarda Civil de Indaiatuba registrou 151 casos de viol\u00eancia dom\u00e9stica contra a mulher, aumento de 29,05% com rela\u00e7\u00e3o aos registros de 2018 (117). Durante todo o ano de 2017 foram apenas 78 ocorr\u00eancias. As pris\u00f5es em flagrante tamb\u00e9m deram um salto significativo, passando de seis em 2018 para 43 at\u00e9 agosto deste ano.<br \/>\nA diretora da Guarda Civil, inspetora Marilsa Souza, lembrou que esse aumento das den\u00fancias j\u00e1 era esperado. \u201cCom o lan\u00e7amento do Caminho das Rosas n\u00f3s j\u00e1 esper\u00e1vamos essa amplia\u00e7\u00e3o dos casos porque as mulheres est\u00e3o sendo encorajadas a buscar ajuda, e nossa inten\u00e7\u00e3o \u00e9 justamente mostrar que ela est\u00e1 amparada para isso. Portanto, se voc\u00ea \u00e9 uma v\u00edtima de viol\u00eancia dom\u00e9stica ou presencia uma situa\u00e7\u00e3o dessa, ligue 153\u201d, enfatizou.<br \/>\nA delegada Bruna Romeiro ressaltou que em m\u00e9dia 70% dos flagrantes de viol\u00eancia contra a mulher registrados em Indaiatuba s\u00e3o atendidos pela Guarda Civil de Indaiatuba. Um mapeamento realizado pela corpora\u00e7\u00e3o mostrou que em Indaiatuba a maioria dos casos s\u00e3o registrados \u00e0s ter\u00e7as-feiras, s\u00e1bados e domingos e nos hor\u00e1rios que compreendem o final da tarde at\u00e9 a madrugada (das 18h \u00e0s 3h). A maioria das v\u00edtimas tem entre 20 e 39 anos, a mesma faixa et\u00e1ria da maioria dos agressores.<\/p>\n<p>DEFESA PESSOAL<br \/>\nA Secretaria Municipal de Esportes anunciou que ir\u00e1 promover aos s\u00e1bados de outubro uma Oficina de Defesa Pessoal exclusivamente para mulheres.<br \/>\nSer\u00e3o duas turmas (at\u00e9 20 participantes em cada) com aulas \u00e0s 8h e \u00e0s 10h no N\u00facleo Esportivo do Parque Corolla, situado na Rua Seraphin Gilberto Candello, s\/n\u00ba.<br \/>\nAs inscri\u00e7\u00f5es poder\u00e3o ser feitas a partir da segunda-feira, dia 30, pelo (19) 3825-6270.<\/p>\n","protected":false},"excerpt":{"rendered":"<p>A Prefeitura de Indaiatuba promoveu na quarta-feira (25) mais uma edi\u00e7\u00e3o do A\u00e7\u00e3o Mulher, que teve como foco a apresenta\u00e7\u00e3o<\/p>\n","protected":false},"author":3,"featured_media":24625,"comment_status":"closed","ping_status":"open","sticky":false,"template":"","format":"standard","meta":[],"categories":[3],"tags":[4886],"_links":{"self":[{"href":"https:\/\/jornalnovametropole.com.br\/wp\/wp-json\/wp\/v2\/posts\/24650"}],"collection":[{"href":"https:\/\/jornalnovametropole.com.br\/wp\/wp-json\/wp\/v2\/posts"}],"about":[{"href":"https:\/\/jornalnovametropole.com.br\/wp\/wp-json\/wp\/v2\/types\/post"}],"author":[{"embeddable":true,"href":"https:\/\/jornalnovametropole.com.br\/wp\/wp-json\/wp\/v2\/users\/3"}],"replies":[{"embeddable":true,"href":"https:\/\/jornalnovametropole.com.br\/wp\/wp-json\/wp\/v2\/comments?post=24650"}],"version-history":[{"count":1,"href":"https:\/\/jornalnovametropole.com.br\/wp\/wp-json\/wp\/v2\/posts\/24650\/revisions"}],"predecessor-version":[{"id":24651,"href":"https:\/\/jornalnovametropole.com.br\/wp\/wp-json\/wp\/v2\/posts\/24650\/revisions\/24651"}],"wp:featuredmedia":[{"embeddable":true,"href":"https:\/\/jornalnovametropole.com.br\/wp\/wp-json\/wp\/v2\/media\/24625"}],"wp:attachment":[{"href":"https:\/\/jornalnovametropole.com.br\/wp\/wp-json\/wp\/v2\/media?parent=24650"}],"wp:term":[{"taxonomy":"category","embeddable":true,"href":"https:\/\/jornalnovametropole.com.br\/wp\/wp-json\/wp\/v2\/categories?post=24650"},{"taxonomy":"post_tag","embeddable":true,"href":"https:\/\/jornalnovametropole.com.br\/wp\/wp-json\/wp\/v2\/tags?post=24650"}],"curies":[{"name":"wp","href":"https:\/\/api.w.org\/{rel}","templated":true}]}}