{"id":24483,"date":"2019-09-16T11:18:30","date_gmt":"2019-09-16T11:18:30","guid":{"rendered":"http:\/\/jornalnovametropole.com.br\/wp\/?p=24483"},"modified":"2019-09-16T11:18:30","modified_gmt":"2019-09-16T11:18:30","slug":"unimax-de-indaiatuba-realiza-palestra-dia-17","status":"publish","type":"post","link":"https:\/\/jornalnovametropole.com.br\/wp\/unimax-de-indaiatuba-realiza-palestra-dia-17\/","title":{"rendered":"UniMAX de Indaiatuba realiza palestra, dia 17,"},"content":{"rendered":"<p><img loading=\"lazy\" class=\"alignnone size-full wp-image-24484\" src=\"http:\/\/jornalnovametropole.com.br\/wp\/wp-content\/uploads\/2019\/09\/04-Dr.-Giovanni-Guido-Cerri-ministra-palestra-na-UniMAX-de-Indaiatuba.jpg\" alt=\"\" width=\"900\" height=\"694\" srcset=\"https:\/\/jornalnovametropole.com.br\/wp\/wp-content\/uploads\/2019\/09\/04-Dr.-Giovanni-Guido-Cerri-ministra-palestra-na-UniMAX-de-Indaiatuba.jpg 900w, https:\/\/jornalnovametropole.com.br\/wp\/wp-content\/uploads\/2019\/09\/04-Dr.-Giovanni-Guido-Cerri-ministra-palestra-na-UniMAX-de-Indaiatuba-300x231.jpg 300w, https:\/\/jornalnovametropole.com.br\/wp\/wp-content\/uploads\/2019\/09\/04-Dr.-Giovanni-Guido-Cerri-ministra-palestra-na-UniMAX-de-Indaiatuba-768x592.jpg 768w\" sizes=\"(max-width: 900px) 100vw, 900px\" \/><\/p>\n<p>Acontece na ter\u00e7a-feira, dia 17, \u00e0s 18h30, mais uma palestra do programa \u2018Fronteiras na Sa\u00fade\u2019 promovido pelo curso de Medicina da UniMAX \u2013 Centro Universit\u00e1rio Max Planck de Indaiatuba. O convidado desta vez \u00e9 o Doutor em Radiologia e membro do Conselho Consultivo de Medicina da UniMAX, Giovanni Guido Cerri, que ir\u00e1 abordar o tema \u2018Conhecendo a Sa\u00fade no Brasil\u2019.<br \/>\nO evento \u00e9 gratuito e acontece no Audit\u00f3rio, Avenida 9 de Dezembro, 460 &#8211; Jardim Pedroso. Para participar \u00e9 preciso se inscrever pelo site www.faculdademax.edu.br ou por este link.<br \/>\nFormado em Medicina pela USP (Universidade de S\u00e3o Paulo), \u2018Cerri\u2019 possui tamb\u00e9m Livre-Doc\u00eancia; Doutorado em Radiologia; especializa\u00e7\u00e3o em Tomodensitometria &#8211; Centre Hospitalier et Universitaire Saint-Antoine &#8211; Fran\u00e7a e especializa\u00e7\u00e3o em Ultrassonografia e Tomografia Computadorizada &#8211; University of Alabama, nos Estados Unidos.<br \/>\nAtualmente, o m\u00e9dico exerce o cargo de vice-presidente do Instituto Coaliz\u00e3o Sa\u00fade e \u00e9 o coordenador da Comiss\u00e3o de Inova\u00e7\u00e3o do Hospital de Cl\u00ednicas da Faculdade de Medicina da USP. Tamb\u00e9m j\u00e1 foi presidente do Conselho Deliberativo do Hospital de Cl\u00ednicas da Faculdade de Medicina da USP; Secret\u00e1rio de Estado da Sa\u00fade do Governo de S\u00e3o Paulo e Diretor Geral do Instituto do C\u00e2ncer do Estado de S\u00e3o Paulo.<br \/>\nDas in\u00fameras produ\u00e7\u00f5es cient\u00edficas, artigos e livros destaca-se o Pr\u00eamio Jabuti 2010 recebido da CBL (C\u00e2mara Brasileira do Livro) na categoria Ci\u00eancias Naturais e Ci\u00eancias da Sa\u00fade a obra \u2018Cl\u00ednica M\u00e9dica\u2019 publicada pela Editora Manole.<\/p>\n<p><em><strong>Vestibular de\u00a0Medicina 2020<\/strong><\/em><br \/>\nAs inscri\u00e7\u00f5es para o Vestibular de Medicina 2020 UniMAX foram encerradas na quarta-feira (11).<br \/>\nA organiza\u00e7\u00e3o, inscri\u00e7\u00e3o, aplica\u00e7\u00e3o e corre\u00e7\u00e3o das provas da primeira fase do Processo Seletivo ser\u00e3o realizadas pela VUNESP (Funda\u00e7\u00e3o para o Vestibular da Universidade Estadual Paulista \u2013 Julio de Mesquita Filho).<\/p>\n","protected":false},"excerpt":{"rendered":"<p>Acontece na ter\u00e7a-feira, dia 17, \u00e0s 18h30, mais uma palestra do programa \u2018Fronteiras na Sa\u00fade\u2019 promovido pelo curso de Medicina<\/p>\n","protected":false},"author":3,"featured_media":24484,"comment_status":"closed","ping_status":"open","sticky":false,"template":"","format":"standard","meta":[],"categories":[3],"tags":[4847],"_links":{"self":[{"href":"https:\/\/jornalnovametropole.com.br\/wp\/wp-json\/wp\/v2\/posts\/24483"}],"collection":[{"href":"https:\/\/jornalnovametropole.com.br\/wp\/wp-json\/wp\/v2\/posts"}],"about":[{"href":"https:\/\/jornalnovametropole.com.br\/wp\/wp-json\/wp\/v2\/types\/post"}],"author":[{"embeddable":true,"href":"https:\/\/jornalnovametropole.com.br\/wp\/wp-json\/wp\/v2\/users\/3"}],"replies":[{"embeddable":true,"href":"https:\/\/jornalnovametropole.com.br\/wp\/wp-json\/wp\/v2\/comments?post=24483"}],"version-history":[{"count":2,"href":"https:\/\/jornalnovametropole.com.br\/wp\/wp-json\/wp\/v2\/posts\/24483\/revisions"}],"predecessor-version":[{"id":24486,"href":"https:\/\/jornalnovametropole.com.br\/wp\/wp-json\/wp\/v2\/posts\/24483\/revisions\/24486"}],"wp:featuredmedia":[{"embeddable":true,"href":"https:\/\/jornalnovametropole.com.br\/wp\/wp-json\/wp\/v2\/media\/24484"}],"wp:attachment":[{"href":"https:\/\/jornalnovametropole.com.br\/wp\/wp-json\/wp\/v2\/media?parent=24483"}],"wp:term":[{"taxonomy":"category","embeddable":true,"href":"https:\/\/jornalnovametropole.com.br\/wp\/wp-json\/wp\/v2\/categories?post=24483"},{"taxonomy":"post_tag","embeddable":true,"href":"https:\/\/jornalnovametropole.com.br\/wp\/wp-json\/wp\/v2\/tags?post=24483"}],"curies":[{"name":"wp","href":"https:\/\/api.w.org\/{rel}","templated":true}]}}