{"id":24294,"date":"2019-08-27T12:34:42","date_gmt":"2019-08-27T12:34:42","guid":{"rendered":"http:\/\/jornalnovametropole.com.br\/wp\/?p=24294"},"modified":"2019-08-27T12:34:42","modified_gmt":"2019-08-27T12:34:42","slug":"copa-vizzent-de-futsal-menores-comecou-sabado-24-pelo-clube-9-de-julho","status":"publish","type":"post","link":"https:\/\/jornalnovametropole.com.br\/wp\/copa-vizzent-de-futsal-menores-comecou-sabado-24-pelo-clube-9-de-julho\/","title":{"rendered":"Copa Vizzent de Futsal Menores come\u00e7ou s\u00e1bado (24) pelo Clube 9 de Julho"},"content":{"rendered":"<h3><img loading=\"lazy\" class=\"alignnone size-large wp-image-24295\" src=\"http:\/\/jornalnovametropole.com.br\/wp\/wp-content\/uploads\/2019\/08\/IMG_0341-1024x683.jpg\" alt=\"\" width=\"485\" height=\"323\" srcset=\"https:\/\/jornalnovametropole.com.br\/wp\/wp-content\/uploads\/2019\/08\/IMG_0341-1024x683.jpg 1024w, https:\/\/jornalnovametropole.com.br\/wp\/wp-content\/uploads\/2019\/08\/IMG_0341-300x200.jpg 300w, https:\/\/jornalnovametropole.com.br\/wp\/wp-content\/uploads\/2019\/08\/IMG_0341-768x512.jpg 768w\" sizes=\"(max-width: 485px) 100vw, 485px\" \/><\/h3>\n<h3><strong>Campeonato conta com a participa\u00e7\u00e3o de 795 atletas<\/strong><\/h3>\n<p>O Clube 9 de Julho sedia neste s\u00e1bado, 24 de agosto, a primeira rodada da 7\u00aa Copa Vizzent Cal\u00e7ados\/Clube 9 de Futsal Menores. O campeonato ter\u00e1 cerca de 145 jogos disputados, com previs\u00e3o de t\u00e9rmino para dezembro.<\/p>\n<p>A competi\u00e7\u00e3o leva o nome do patrocinador Vizzent Cal\u00e7ados e conta nesta edi\u00e7\u00e3o com 795 participantes jogando pelas categorias Sub8, Sub10, Sub12, Sub14 e Sub16. As equipes que buscam o t\u00edtulo da competi\u00e7\u00e3o s\u00e3o: Clube 9 A, Clube 9 B, Col\u00e9gio Objetivo, Col\u00e9gio Progresso, Col\u00e9gio Renova\u00e7\u00e3o, CT Nando Grana A, CT Nando Grana B, Elias Fausto, Projeto Restitui, Projeto Restitui\/Sou Vivo, Salto Futsal, Sesi, Show de Bola, Tejuza e Uni\u00e3o Agricola Cardeal.<\/p>\n<p>&nbsp;<\/p>\n<p><strong>Copa Vizzent de Futsal<br \/>\n<\/strong><em>\u2022 S\u00e1bado (24\/08)<\/em><\/p>\n<p>8h Sub 8 Clube 9 B x Projeto Restitui<\/p>\n<p>8h30 Sub 10 Clube 9 B x Projeto Restitui\/Sou Vivo<\/p>\n<p>9h Sub 12 Clube 9 B x Projeto Restitui\/Sou Vivo<\/p>\n<p>9h30 Sub 14 Clube 9 B x Projeto Restitui\/Sou Vivo<\/p>\n<p>10h Sub 16 Col\u00e9gio Rodin x Projeto Restitui\/Sou Vivo<\/p>\n<p>10h30 Sub 8 Tejuza x CT Nando Grana B<\/p>\n<p>11h Sub 10 Tejuza x CT Nando Grana B<\/p>\n<p>11h30 Sub 12 Tejuza x CT Nando Grana B<\/p>\n<p>12h Sub 14 Tejuza x Elias Fausto<\/p>\n<p>12h30 Sub 16 Tejuza x Elias Fausto<\/p>\n<p>&nbsp;<\/p>\n<p><em>\u2022 Domingo (25\/08)<\/em><\/p>\n<p>8h30 Sub 14 Clube 9 A x Sesi<\/p>\n<p>9h Sub 10 Clube 9 A x Sesi<\/p>\n<p>9h30 Sub 12 Clube 9 A x Sesi<\/p>\n<p>10h Sub 8 Clube 9 A x Sesi<\/p>\n<p>10h30 Sub 16 Clube 9 A x Sesi<\/p>\n","protected":false},"excerpt":{"rendered":"<p>Campeonato conta com a participa\u00e7\u00e3o de 795 atletas O Clube 9 de Julho sedia neste s\u00e1bado, 24 de agosto, a<\/p>\n","protected":false},"author":3,"featured_media":24295,"comment_status":"open","ping_status":"open","sticky":false,"template":"","format":"standard","meta":[],"categories":[4],"tags":[4803],"_links":{"self":[{"href":"https:\/\/jornalnovametropole.com.br\/wp\/wp-json\/wp\/v2\/posts\/24294"}],"collection":[{"href":"https:\/\/jornalnovametropole.com.br\/wp\/wp-json\/wp\/v2\/posts"}],"about":[{"href":"https:\/\/jornalnovametropole.com.br\/wp\/wp-json\/wp\/v2\/types\/post"}],"author":[{"embeddable":true,"href":"https:\/\/jornalnovametropole.com.br\/wp\/wp-json\/wp\/v2\/users\/3"}],"replies":[{"embeddable":true,"href":"https:\/\/jornalnovametropole.com.br\/wp\/wp-json\/wp\/v2\/comments?post=24294"}],"version-history":[{"count":1,"href":"https:\/\/jornalnovametropole.com.br\/wp\/wp-json\/wp\/v2\/posts\/24294\/revisions"}],"predecessor-version":[{"id":24296,"href":"https:\/\/jornalnovametropole.com.br\/wp\/wp-json\/wp\/v2\/posts\/24294\/revisions\/24296"}],"wp:featuredmedia":[{"embeddable":true,"href":"https:\/\/jornalnovametropole.com.br\/wp\/wp-json\/wp\/v2\/media\/24295"}],"wp:attachment":[{"href":"https:\/\/jornalnovametropole.com.br\/wp\/wp-json\/wp\/v2\/media?parent=24294"}],"wp:term":[{"taxonomy":"category","embeddable":true,"href":"https:\/\/jornalnovametropole.com.br\/wp\/wp-json\/wp\/v2\/categories?post=24294"},{"taxonomy":"post_tag","embeddable":true,"href":"https:\/\/jornalnovametropole.com.br\/wp\/wp-json\/wp\/v2\/tags?post=24294"}],"curies":[{"name":"wp","href":"https:\/\/api.w.org\/{rel}","templated":true}]}}