{"id":24131,"date":"2019-08-12T13:25:22","date_gmt":"2019-08-12T13:25:22","guid":{"rendered":"http:\/\/jornalnovametropole.com.br\/wp\/?p=24131"},"modified":"2019-08-12T13:27:57","modified_gmt":"2019-08-12T13:27:57","slug":"nota-sarampo","status":"publish","type":"post","link":"https:\/\/jornalnovametropole.com.br\/wp\/nota-sarampo\/","title":{"rendered":"NOTA \u2013 SARAMPO"},"content":{"rendered":"<p><img loading=\"lazy\" class=\"alignnone size-full wp-image-24133\" src=\"http:\/\/jornalnovametropole.com.br\/wp\/wp-content\/uploads\/2019\/08\/Comunicado-PMI-1.jpg\" alt=\"\" width=\"900\" height=\"632\" srcset=\"https:\/\/jornalnovametropole.com.br\/wp\/wp-content\/uploads\/2019\/08\/Comunicado-PMI-1.jpg 900w, https:\/\/jornalnovametropole.com.br\/wp\/wp-content\/uploads\/2019\/08\/Comunicado-PMI-1-300x211.jpg 300w, https:\/\/jornalnovametropole.com.br\/wp\/wp-content\/uploads\/2019\/08\/Comunicado-PMI-1-768x539.jpg 768w\" sizes=\"(max-width: 900px) 100vw, 900px\" \/><\/p>\n<p>A Prefeitura de Indaiatuba por meio da Secretaria de Sa\u00fade informa que n\u00e3o est\u00e1 em surto ativo de sarampo. O Minist\u00e9rio da Sa\u00fade emitiu na ter\u00e7a-feira (6) nova orienta\u00e7\u00e3o afirmando que no informativo, Indaiatuba foi apontada erroneamente entre os munic\u00edpios com o surto. De acordo com a Vigil\u00e2ncia Epidemiol\u00f3gica h\u00e1 apenas dois casos confirmados de sarampo na cidade, sendo um aut\u00f3ctone e outro importado residente. O erro aconteceu ap\u00f3s tr\u00eas pacientes positivos de outras cidades informarem endere\u00e7o de parentes em Indaiatuba como resid\u00eancia, no entanto as informa\u00e7\u00f5es j\u00e1 foram corrigidas na DRS VII Campinas (Departamento Regional de Sa\u00fade) e Indaiatuba aguarda a corre\u00e7\u00e3o oficial da lista de munic\u00edpios por meio do Minist\u00e9rio da Sa\u00fade. Sendo assim, a vacina\u00e7\u00e3o na cidade continua conforme a rotina e somente as crian\u00e7as de 6 meses a menores de 1 ano que ir\u00e3o se locomover para \u00e1reas onde h\u00e1 o surto de fato, devem se vacinar. Para confirmar a necessidade da vacina\u00e7\u00e3o \u00e9 necess\u00e1rio ir em uma Unidade de Sa\u00fade com a carteirinha de vacina\u00e7\u00e3o para avalia\u00e7\u00e3o do profissional de sa\u00fade.<\/p>\n<p>Com o objetivo de evitar um surto a Secretaria de Sa\u00fade se antecipou e executou um plano de a\u00e7\u00e3o de intensifica\u00e7\u00e3o de vacina\u00e7\u00e3o nas escolas da cidade e por isso come\u00e7ou na semana passada um trabalho de verifica\u00e7\u00e3o de carteirinha de vacina\u00e7\u00e3o em todas as escolas de Indaiatuba com alunos de at\u00e9 5 anos. A ideia \u00e9 manter em dia a vacina Tr\u00edplice Viral que protege contra Sarampo, Caxumba e Rub\u00e9ola, nesta a\u00e7\u00e3o a vacina foi dada in loco caso estivesse com alguma dose em falta. At\u00e9 o momento j\u00e1 foram aplicadas mais de 1.500 doses em a\u00e7\u00f5es de boqueio e\/ou intensifica\u00e7\u00e3o.<\/p>\n","protected":false},"excerpt":{"rendered":"<p>A Prefeitura de Indaiatuba por meio da Secretaria de Sa\u00fade informa que n\u00e3o est\u00e1 em surto ativo de sarampo. O<\/p>\n","protected":false},"author":3,"featured_media":24133,"comment_status":"open","ping_status":"open","sticky":false,"template":"","format":"standard","meta":[],"categories":[3],"tags":[4763],"_links":{"self":[{"href":"https:\/\/jornalnovametropole.com.br\/wp\/wp-json\/wp\/v2\/posts\/24131"}],"collection":[{"href":"https:\/\/jornalnovametropole.com.br\/wp\/wp-json\/wp\/v2\/posts"}],"about":[{"href":"https:\/\/jornalnovametropole.com.br\/wp\/wp-json\/wp\/v2\/types\/post"}],"author":[{"embeddable":true,"href":"https:\/\/jornalnovametropole.com.br\/wp\/wp-json\/wp\/v2\/users\/3"}],"replies":[{"embeddable":true,"href":"https:\/\/jornalnovametropole.com.br\/wp\/wp-json\/wp\/v2\/comments?post=24131"}],"version-history":[{"count":2,"href":"https:\/\/jornalnovametropole.com.br\/wp\/wp-json\/wp\/v2\/posts\/24131\/revisions"}],"predecessor-version":[{"id":24135,"href":"https:\/\/jornalnovametropole.com.br\/wp\/wp-json\/wp\/v2\/posts\/24131\/revisions\/24135"}],"wp:featuredmedia":[{"embeddable":true,"href":"https:\/\/jornalnovametropole.com.br\/wp\/wp-json\/wp\/v2\/media\/24133"}],"wp:attachment":[{"href":"https:\/\/jornalnovametropole.com.br\/wp\/wp-json\/wp\/v2\/media?parent=24131"}],"wp:term":[{"taxonomy":"category","embeddable":true,"href":"https:\/\/jornalnovametropole.com.br\/wp\/wp-json\/wp\/v2\/categories?post=24131"},{"taxonomy":"post_tag","embeddable":true,"href":"https:\/\/jornalnovametropole.com.br\/wp\/wp-json\/wp\/v2\/tags?post=24131"}],"curies":[{"name":"wp","href":"https:\/\/api.w.org\/{rel}","templated":true}]}}