{"id":23563,"date":"2019-06-21T06:23:06","date_gmt":"2019-06-21T06:23:06","guid":{"rendered":"http:\/\/jornalnovametropole.com.br\/wp\/?p=23563"},"modified":"2019-06-20T18:27:33","modified_gmt":"2019-06-20T18:27:33","slug":"inverno-provoca-o-aumento-das-crises-alergicas-por-ar-muito-seco","status":"publish","type":"post","link":"https:\/\/jornalnovametropole.com.br\/wp\/inverno-provoca-o-aumento-das-crises-alergicas-por-ar-muito-seco\/","title":{"rendered":"Inverno provoca o aumento das crises al\u00e9rgicas por ar muito seco"},"content":{"rendered":"<h3><img loading=\"lazy\" class=\"alignnone size-full wp-image-23565\" src=\"http:\/\/jornalnovametropole.com.br\/wp\/wp-content\/uploads\/2019\/06\/08-Centrolab.jpg\" alt=\"\" width=\"900\" height=\"600\" srcset=\"https:\/\/jornalnovametropole.com.br\/wp\/wp-content\/uploads\/2019\/06\/08-Centrolab.jpg 900w, https:\/\/jornalnovametropole.com.br\/wp\/wp-content\/uploads\/2019\/06\/08-Centrolab-300x200.jpg 300w, https:\/\/jornalnovametropole.com.br\/wp\/wp-content\/uploads\/2019\/06\/08-Centrolab-768x512.jpg 768w\" sizes=\"(max-width: 900px) 100vw, 900px\" \/><\/h3>\n<h3><strong>Ter um diagn\u00f3stico r\u00e1pido e correto pode fazer a diferen\u00e7a no tratamento ao Al\u00e9rgeno<\/strong><\/h3>\n<p>Quem tem alergia sofre muito nessa \u00e9poca de frio, isso porque no inverno \u00e9 o per\u00edodo em que o ar est\u00e1 mais seco e frio, a mucosa nasal fica mais irritada e a imunidade do organismo tende a baixar, o que aumenta a probabilidade das crises al\u00e9rgicas.<br \/>\nAs alergias s\u00e3o rea\u00e7\u00f5es exageradas do sistema imunol\u00f3gico a subst\u00e2ncias que, na maioria das pessoas, n\u00e3o causam sintomas. Existem diversas doen\u00e7as al\u00e9rgicas, entre as principais alergias est\u00e3o as respirat\u00f3rias, alimentares e cut\u00e2neas.<br \/>\nA perman\u00eancia em lugares fechados e o uso de agasalhos e cobertores guardados h\u00e1 muito tempo podem contribuir para piorar o estado da pessoa al\u00e9rgica, nesse caso, as rinites al\u00e9rgicas s\u00e3o as mais comuns, seguidas da asma e da bronquite.<br \/>\nAo ingerir ou ter contato com o al\u00e9rgeno, o organismo se protege e aciona a libera\u00e7\u00e3o de qu\u00edmicos inflamat\u00f3rios mediados por imunoglobulinas de Classe E (IgE). A intensidade dos sintomas varia conforme a susceptibilidade de cada pessoa e a quantidade de al\u00e9rgeno ingerida.<br \/>\nPara minimizar os sintomas algumas medidas devem ser tomadas. como, piso lav\u00e1vel sem cantos que acumulem p\u00f3, se hover carpete deve ter tratamento contra fungos e bact\u00e9rias. A cama merece um tratamento especial, pois \u00e9 nela que se acumula uma grande quantidade de \u00e1caros, os colch\u00f5es e travesseiros devem conter capas anti\u00e1caros e as cobertas n\u00e3o podem ser felpudas, priorizando o uso de edredons. Livros e outros objetos devem estar sempre limpos e, nas janelas, \u00e9 melhor persianas a cortinas de pano. Essas medidas visam evitar o ac\u00famulo de poeira, principal alimento do \u00e1caro.<br \/>\nN\u00e3o existe uma idade determinada para que uma alergia apare\u00e7a e se desenvolva, ela pode aparecer e desaparecer a qualquer momento. Para identificar esses casos, al\u00e9m de uma hist\u00f3ria detalhada do paciente com um m\u00e9dico alergologista, muitas vezes \u00e9 necess\u00e1rio realizar alguns testes.<br \/>\nOs testes al\u00e9rgicos s\u00e3o desenvolvidos para fornecer informa\u00e7\u00f5es o mais espec\u00edfico poss\u00edvel, de forma que seu m\u00e9dico possa identificar qual \u00e9 a subst\u00e2ncia ou al\u00e9rgeno que causa a alergia, empregando o tratamento mais adequado.<\/p>\n<p><img loading=\"lazy\" class=\"alignnone size-full wp-image-23564\" src=\"http:\/\/jornalnovametropole.com.br\/wp\/wp-content\/uploads\/2019\/06\/centrolab.jpg\" alt=\"\" width=\"793\" height=\"515\" srcset=\"https:\/\/jornalnovametropole.com.br\/wp\/wp-content\/uploads\/2019\/06\/centrolab.jpg 793w, https:\/\/jornalnovametropole.com.br\/wp\/wp-content\/uploads\/2019\/06\/centrolab-300x195.jpg 300w, https:\/\/jornalnovametropole.com.br\/wp\/wp-content\/uploads\/2019\/06\/centrolab-768x499.jpg 768w\" sizes=\"(max-width: 793px) 100vw, 793px\" \/><br \/>\nExistem diversos tipos de exame para alergia, alguns s\u00e3o realizados na pele, outros atrav\u00e9s de coleta de sangue. Os testes de quantifica\u00e7\u00e3o de IgE\u00b4s espec\u00edficos oferecidos pelo Laborat\u00f3rio Centrolab, s\u00e3o capazes de detectar m\u00faltiplos al\u00e9rgenos com uma s\u00f3 amostra de sangue. Esse exame deve ser interpretado pelo m\u00e9dico assistente, pois somente este poder\u00e1 correlacionar os testes positivos com o quadro cl\u00ednico do paciente.<\/p>\n<p><img loading=\"lazy\" class=\"alignnone size-full wp-image-23569\" src=\"http:\/\/jornalnovametropole.com.br\/wp\/wp-content\/uploads\/2019\/06\/36378-Centrolab.jpg\" alt=\"\" width=\"900\" height=\"303\" srcset=\"https:\/\/jornalnovametropole.com.br\/wp\/wp-content\/uploads\/2019\/06\/36378-Centrolab.jpg 900w, https:\/\/jornalnovametropole.com.br\/wp\/wp-content\/uploads\/2019\/06\/36378-Centrolab-300x101.jpg 300w, https:\/\/jornalnovametropole.com.br\/wp\/wp-content\/uploads\/2019\/06\/36378-Centrolab-768x259.jpg 768w\" sizes=\"(max-width: 900px) 100vw, 900px\" \/><\/p>\n","protected":false},"excerpt":{"rendered":"<p>Ter um diagn\u00f3stico r\u00e1pido e correto pode fazer a diferen\u00e7a no tratamento ao Al\u00e9rgeno Quem tem alergia sofre muito nessa<\/p>\n","protected":false},"author":3,"featured_media":23565,"comment_status":"open","ping_status":"open","sticky":false,"template":"","format":"standard","meta":[],"categories":[2882,5],"tags":[4629],"_links":{"self":[{"href":"https:\/\/jornalnovametropole.com.br\/wp\/wp-json\/wp\/v2\/posts\/23563"}],"collection":[{"href":"https:\/\/jornalnovametropole.com.br\/wp\/wp-json\/wp\/v2\/posts"}],"about":[{"href":"https:\/\/jornalnovametropole.com.br\/wp\/wp-json\/wp\/v2\/types\/post"}],"author":[{"embeddable":true,"href":"https:\/\/jornalnovametropole.com.br\/wp\/wp-json\/wp\/v2\/users\/3"}],"replies":[{"embeddable":true,"href":"https:\/\/jornalnovametropole.com.br\/wp\/wp-json\/wp\/v2\/comments?post=23563"}],"version-history":[{"count":3,"href":"https:\/\/jornalnovametropole.com.br\/wp\/wp-json\/wp\/v2\/posts\/23563\/revisions"}],"predecessor-version":[{"id":23570,"href":"https:\/\/jornalnovametropole.com.br\/wp\/wp-json\/wp\/v2\/posts\/23563\/revisions\/23570"}],"wp:featuredmedia":[{"embeddable":true,"href":"https:\/\/jornalnovametropole.com.br\/wp\/wp-json\/wp\/v2\/media\/23565"}],"wp:attachment":[{"href":"https:\/\/jornalnovametropole.com.br\/wp\/wp-json\/wp\/v2\/media?parent=23563"}],"wp:term":[{"taxonomy":"category","embeddable":true,"href":"https:\/\/jornalnovametropole.com.br\/wp\/wp-json\/wp\/v2\/categories?post=23563"},{"taxonomy":"post_tag","embeddable":true,"href":"https:\/\/jornalnovametropole.com.br\/wp\/wp-json\/wp\/v2\/tags?post=23563"}],"curies":[{"name":"wp","href":"https:\/\/api.w.org\/{rel}","templated":true}]}}