{"id":22981,"date":"2019-04-18T11:00:27","date_gmt":"2019-04-18T11:00:27","guid":{"rendered":"http:\/\/jornalnovametropole.com.br\/wp\/?p=22981"},"modified":"2019-04-18T12:55:33","modified_gmt":"2019-04-18T12:55:33","slug":"mudanca-na-linha-urbana-322-no-periodo-noturno","status":"publish","type":"post","link":"https:\/\/jornalnovametropole.com.br\/wp\/mudanca-na-linha-urbana-322-no-periodo-noturno\/","title":{"rendered":"Mudan\u00e7a na linha urbana 322 no per\u00edodo noturno"},"content":{"rendered":"<h3><img loading=\"lazy\" class=\"alignnone size-full wp-image-22982\" src=\"http:\/\/jornalnovametropole.com.br\/wp\/wp-content\/uploads\/2019\/04\/Onibus-Sou-arquivo-Eliandro-Figueira-RIC-PMI.jpg\" alt=\"\" width=\"768\" height=\"449\" srcset=\"https:\/\/jornalnovametropole.com.br\/wp\/wp-content\/uploads\/2019\/04\/Onibus-Sou-arquivo-Eliandro-Figueira-RIC-PMI.jpg 768w, https:\/\/jornalnovametropole.com.br\/wp\/wp-content\/uploads\/2019\/04\/Onibus-Sou-arquivo-Eliandro-Figueira-RIC-PMI-300x175.jpg 300w, https:\/\/jornalnovametropole.com.br\/wp\/wp-content\/uploads\/2019\/04\/Onibus-Sou-arquivo-Eliandro-Figueira-RIC-PMI-515x300.jpg 515w\" sizes=\"(max-width: 768px) 100vw, 768px\" \/><\/h3>\n<h3><strong>Ser\u00e1 em car\u00e1ter experimental pelo per\u00edodo de 30 dias<\/strong><\/h3>\n<h6><em>Foto\u00a0Arquivo-Eliandro Figueira RICPMI<\/em><\/h6>\n<p>A linha urbana 322 &#8211; Jardim Jo\u00e3o Pioli x Jardim Brasil ter\u00e1 o itiner\u00e1rio ampliado para a Estrada do Fogueteiro, no Parque das Bandeiras, tamb\u00e9m no per\u00edodo noturno. O Departamento de Transportes da Secretaria Municipal de Administra\u00e7\u00e3o informa que a altera\u00e7\u00e3o operacional do itiner\u00e1rio ser\u00e1 feita a partir da segunda-feira, dia 22, em car\u00e1ter experimental pelo per\u00edodo de 30 dias. Com a mudan\u00e7a, o Parque das Bandeiras passar\u00e1 a ser atendido pela linha 322 nos hor\u00e1rios das 19h35, 20h15, 21h15, 22h e 22h40, saindo do Terminal Central, sentido Jardim Brasil, via Serra D\u2019\u00e1gua. Essa linha j\u00e1 atende o bairro em alguns hor\u00e1rios durante o dia. O hor\u00e1rio noturno somente ser\u00e1 mantido caso seja constatada a exist\u00eancia de demanda necess\u00e1ria para a manuten\u00e7\u00e3o da amplia\u00e7\u00e3o do itiner\u00e1rio no per\u00edodo experimental.<\/p>\n","protected":false},"excerpt":{"rendered":"<p>Ser\u00e1 em car\u00e1ter experimental pelo per\u00edodo de 30 dias Foto\u00a0Arquivo-Eliandro Figueira RICPMI A linha urbana 322 &#8211; Jardim Jo\u00e3o Pioli<\/p>\n","protected":false},"author":3,"featured_media":22982,"comment_status":"open","ping_status":"open","sticky":false,"template":"","format":"standard","meta":[],"categories":[3],"tags":[4497],"_links":{"self":[{"href":"https:\/\/jornalnovametropole.com.br\/wp\/wp-json\/wp\/v2\/posts\/22981"}],"collection":[{"href":"https:\/\/jornalnovametropole.com.br\/wp\/wp-json\/wp\/v2\/posts"}],"about":[{"href":"https:\/\/jornalnovametropole.com.br\/wp\/wp-json\/wp\/v2\/types\/post"}],"author":[{"embeddable":true,"href":"https:\/\/jornalnovametropole.com.br\/wp\/wp-json\/wp\/v2\/users\/3"}],"replies":[{"embeddable":true,"href":"https:\/\/jornalnovametropole.com.br\/wp\/wp-json\/wp\/v2\/comments?post=22981"}],"version-history":[{"count":1,"href":"https:\/\/jornalnovametropole.com.br\/wp\/wp-json\/wp\/v2\/posts\/22981\/revisions"}],"predecessor-version":[{"id":22983,"href":"https:\/\/jornalnovametropole.com.br\/wp\/wp-json\/wp\/v2\/posts\/22981\/revisions\/22983"}],"wp:featuredmedia":[{"embeddable":true,"href":"https:\/\/jornalnovametropole.com.br\/wp\/wp-json\/wp\/v2\/media\/22982"}],"wp:attachment":[{"href":"https:\/\/jornalnovametropole.com.br\/wp\/wp-json\/wp\/v2\/media?parent=22981"}],"wp:term":[{"taxonomy":"category","embeddable":true,"href":"https:\/\/jornalnovametropole.com.br\/wp\/wp-json\/wp\/v2\/categories?post=22981"},{"taxonomy":"post_tag","embeddable":true,"href":"https:\/\/jornalnovametropole.com.br\/wp\/wp-json\/wp\/v2\/tags?post=22981"}],"curies":[{"name":"wp","href":"https:\/\/api.w.org\/{rel}","templated":true}]}}