{"id":228,"date":"2014-10-21T13:20:31","date_gmt":"2014-10-21T13:20:31","guid":{"rendered":"http:\/\/jornalnovametropole.com.br\/wp\/?p=228"},"modified":"2014-10-21T13:20:31","modified_gmt":"2014-10-21T13:20:31","slug":"formacao-atual-lembra-a-de-1977","status":"publish","type":"post","link":"https:\/\/jornalnovametropole.com.br\/wp\/formacao-atual-lembra-a-de-1977\/","title":{"rendered":"Forma\u00e7\u00e3o atual lembra a de 1977"},"content":{"rendered":"<p><span style=\"font-size: medium;\">Coincid\u00eancias remetem ao ano em que time subiu para a 2\u00aa Divis\u00e3o<\/span><\/p>\n<p>H\u00e1 37 anos o Esporte Clube Primavera, fundado em 1927, ganhou seu principal t\u00edtulo, em 1977. Na \u00e9poca, o clube tinha tr\u00eas titulares da cidade no elenco, forma\u00e7\u00e3o que se repete hoje em dia. Al\u00e9m disso, os jogadores usam, atualmente, a mesma camisa que usavam no ano da conquista.<br \/>\nCom esse t\u00edtulo, o clube subiu as escadas da Segunda Divis\u00e3o. Antigamente, como s\u00f3 existiam quatro divis\u00f5es no futebol, a proximidade com a Primeira Divis\u00e3o deixou elenco e torcida animados com a probabilidade de chegar \u00e0 Primeira.<br \/>\nA Final foi contra o Beira Rio, de Presidente Epit\u00e1cio, e foi dividida em tr\u00eas jogos. Em Presidente Epit\u00e1cio, o Clube perdeu de 1&#215;0. Depois, em Indaiatuba, ganhou de 1&#215;0 e, em Gar\u00e7a, venceu com o mesmo placar, com gol de \u2018Teleco\u2019, aos 19min do segundo tempo. Com o resultado, o Primavera foi campe\u00e3o estadual.<br \/>\nTodos os jogadores da \u00e9poca eram de outras cidades e o Clube contava com apenas tr\u00eas titulares de Indaiatuba, hist\u00f3ria que se repete atualmente.<br \/>\nO famoso \u2018Jo\u00e3ol\u00e3o\u2019, cotado at\u00e9 mesmo para jogar no Santos Futebol Clube, era quarto-zagueiro titular, usando a camisa 6. Hoje, quem veste a camisa \u00e9 Vin\u00edcius, tamb\u00e9m zagueiro. O \u2018Luquinhas\u2019 era volante, camisa 5. \u2018Xisto\u2019 repete a posi\u00e7\u00e3o e a camisa. \u2018Piteira\u2019 era lateral-esquerdo, enquanto hoje o Rafinha joga como lateral-direito.<br \/>\nAs coincid\u00eancias n\u00e3o param por a\u00ed. O preparador do time de 1977 era tamb\u00e9m morador da cidade, conhecido como \u2018Paquero\u2019. Hoje, quem assume o cargo \u00e9 Maurino, que reside em Indaiatuba.<br \/>\nAtualmente, a equipe do Primavera conta com Aldinho, Matheus e J\u00falio C\u00e9sar, al\u00e9m dos titulares \u2018Rafinha\u2019, Vin\u00edcius e \u2018Xisto\u2019.<\/p>\n<p>hist\u00f3ria<br \/>\nA cidade de Indaiatuba teve como seu primeiro representante no futebol o Sport Club Primavera, fundado em 1908, mas extinto no ano seguinte. Na d\u00e9cada de 1920, dois outros times come\u00e7aram a se destacar: o Indaiatubano Futebol Clube, fundado em 1916, e o Corinthians Futebol Clube, de 1918. Em 27 de janeiro de 1927, as duas equipes se uniram e ent\u00e3o \u2018surgiu\u2019 o Esporte Clube Primavera, cujo nome homenageava o time que iniciou o futebol no munic\u00edpio. As cores que a equipe carrega consigo, o vermelho, o preto e o branco, s\u00e3o heran\u00e7a de seus antecessores.<br \/>\nA primeira participa\u00e7\u00e3o do Primavera em competi\u00e7\u00f5es profissionais organizadas pela Federa\u00e7\u00e3o Paulista de Futebol foi em 1952, no Campeonato Paulista da Segunda Divis\u00e3o. Entretanto, sem conseguir manter uma sequ\u00eancia de vit\u00f3rias, o clube disputou apenas outras duas vezes a Terceira Divis\u00e3o, em 1954 e 1958, passando por um per\u00edodo de pouco menos de duas d\u00e9cadas sem competir profissionalmente, at\u00e9 1975.<br \/>\nA retomada aconteceu em 1976, no Campeonato Paulista da Segunda Divis\u00e3o. No ano seguinte, a equipe chegou ao seu primeiro t\u00edtulo e, consequentemente, conseguiu o acesso \u00e0 Primeira Divis\u00e3o, atual S\u00e9rie A3. Os anos se passaram e, com as mudan\u00e7as no regulamento da competi\u00e7\u00e3o, a equipe voltou \u00e0 Segunda Divis\u00e3o, entre 1982 e 1986, disputando, em 1987, a Divis\u00e3o Especial.<br \/>\nEm 1989 e no ano seguinte, o clube teve mais uma pausa em seu futebol profissional, retornando apenas em 1991, na Segunda Divis\u00e3o. O Primavera permaneceu no torneio at\u00e9 1993, quando o campeonato trocou de nome mais uma vez e o time passou a disputar a S\u00e9rie B1. Em 1996, a equipe se afastou mais uma vez das competi\u00e7\u00f5es oficiais e no ano seguinte disputou a S\u00e9rie B1.<br \/>\nJ\u00e1 em 2001, nos aproximando dos dias atuais, o clube alcan\u00e7ou o t\u00edtulo da S\u00e9rie B2, conquistando o direito de participar, no ano seguinte, do Campeonato Paulista da S\u00e9rie B1. Dois anos mais tarde, o Primavera se sagrou vice-campe\u00e3o, alcan\u00e7ando o acesso \u00e0 S\u00e9rie A3, competi\u00e7\u00e3o que disputou nos tr\u00eas anos seguintes. Em 2007, o clube esteve atr\u00e1s de mais uma conquista, mas as coisas n\u00e3o sa\u00edram como o planejado e a equipe foi rebaixada \u00e0 Segunda Divis\u00e3o, que disputa at\u00e9 hoje.<br \/>\nfundadores<br \/>\nA agremia\u00e7\u00e3o deixou, ao longo de seus 70 anos de vida, grandes marcas na mem\u00f3ria dos indaiatubanos. O nome de seus fundadores, respons\u00e1veis por todo o clube que a cidade tem hoje, s\u00e3o Hugo Ant\u00f4nio Ligoni, Paulo Von Ah, Jorge Nicolau, Carlos Oscar Fal, Humberto Lira, Francisco Lanzi Tancler, Ant\u00f4nio Zop-<br \/>\npi, Ranulfo da Fonseca, Altamiro Jos\u00e9 Lisoni, Gentil Lopes, Luiz Gonzaga Lopes, Berge Guimar\u00e3es e outros.<\/p>\n<p>curiosidade<br \/>\nDe tanto assustar seus advers\u00e1rios na \u00e9poca em que foi criado, o Esporte Clube Primavera, em Indaiatuba, tornou-se um verdadeiro pavor, ou melhor, um \u2018fantasma\u2019 para seus advers\u00e1rios. Antes de se tornar Esporte Clube, o Primavera passou por uma fus\u00e3o entre o Indaiatubano Futebol Clube e o Corinthians F.C. Como o primeiro tinha a cor preta e o segundo, a vermelha, e o clube mais antigo da cidade o nome de S.C. Primavera (1908), decidiu-se criar, em 1927, o Esporte Clube Primavera.<\/p>\n<p>terceira divis\u00e3o<\/p>\n<p>Jogo de domingo define o futuro do Primavera<\/p>\n<p>Na quarta-feira (15), o Ol\u00edmpia venceu por 3&#215;2 o Gr\u00eamio Prudente, de Presidente Prudente e eliminou o clube do Campeonato Paulista da Segunda Divis\u00e3o. No mesmo dia, o Esporte Clube Primavera empatou por 0x0 com o Nacional. \u201cA probabilidade de acesso \u00e0 Divis\u00e3o A3 do Primavera est\u00e1 eminente. A perspectiva de jogo \u00e9 de acesso\u201d, comenta C\u00e1ssio, conselheiro do clube.<br \/>\nO Primavera espera receber em seu est\u00e1dio entre 1,5 mil e 1,6 mil pessoas, para assistirem ao jogo decisivo em casa, no domingo, dia 19, no Est\u00e1dio \u00cdtalo M\u00e1rio Limongi, em Indaiatuba, contra o eliminado da competi\u00e7\u00e3o, Gr\u00eamio Prudente, \u00e0s 10h. O \u2018Fantasma\u2019 precisa de um placar com dois gols de diferen\u00e7a para se classificar para a A3. O quadro s\u00f3 muda novamente, caso o resultado de outro jogo que ocorre simultaneamente, entre o Ol\u00edmpia e o Nacional, seja o empate, o que deixa a situa\u00e7\u00e3o mais f\u00e1cil para o Primavera, que precisar\u00e1 de um gol para subir \u00e0 S\u00e9rie A3 de 2015.<br \/>\nO clube conta com todo apoio da torcida para esse emocionante momento que o \u2018Fantasma\u2019 est\u00e1 vivendo. O Est\u00e1dio \u00cdtalo M\u00e1rio Limongi deve estar tomado de torcedores da cidade, que revivem parte da hist\u00f3ria do clube 37 anos depois do \u00faltimo fato marcante.<\/p>\n<figure id=\"attachment_230\" aria-describedby=\"caption-attachment-230\" style=\"width: 300px\" class=\"wp-caption alignnone\"><a href=\"http:\/\/jornalnovametropole.com.br\/wp\/wp-content\/uploads\/2014\/10\/12-abre-primavera-foto-4-jogadores-antigos-se-reencontram.jpg\"><img loading=\"lazy\" class=\"size-medium wp-image-230\" alt=\"Time de 1977 entra no gramado do Esporte Clube Primavera e recorda de seus brilhantes momentos em campo\" src=\"http:\/\/jornalnovametropole.com.br\/wp\/wp-content\/uploads\/2014\/10\/12-abre-primavera-foto-4-jogadores-antigos-se-reencontram-300x199.jpg\" width=\"300\" height=\"199\" srcset=\"https:\/\/jornalnovametropole.com.br\/wp\/wp-content\/uploads\/2014\/10\/12-abre-primavera-foto-4-jogadores-antigos-se-reencontram-300x199.jpg 300w, https:\/\/jornalnovametropole.com.br\/wp\/wp-content\/uploads\/2014\/10\/12-abre-primavera-foto-4-jogadores-antigos-se-reencontram.jpg 600w\" sizes=\"(max-width: 300px) 100vw, 300px\" \/><\/a><figcaption id=\"caption-attachment-230\" class=\"wp-caption-text\">Time de 1977 entra no gramado do Esporte Clube Primavera e recorda de seus brilhantes momentos em campo<\/figcaption><\/figure>\n","protected":false},"excerpt":{"rendered":"<p>Coincid\u00eancias remetem ao ano em que time subiu para a 2\u00aa Divis\u00e3o H\u00e1 37 anos o Esporte Clube Primavera, fundado<\/p>\n","protected":false},"author":1,"featured_media":229,"comment_status":"open","ping_status":"open","sticky":false,"template":"","format":"standard","meta":[],"categories":[4],"tags":[86,85],"_links":{"self":[{"href":"https:\/\/jornalnovametropole.com.br\/wp\/wp-json\/wp\/v2\/posts\/228"}],"collection":[{"href":"https:\/\/jornalnovametropole.com.br\/wp\/wp-json\/wp\/v2\/posts"}],"about":[{"href":"https:\/\/jornalnovametropole.com.br\/wp\/wp-json\/wp\/v2\/types\/post"}],"author":[{"embeddable":true,"href":"https:\/\/jornalnovametropole.com.br\/wp\/wp-json\/wp\/v2\/users\/1"}],"replies":[{"embeddable":true,"href":"https:\/\/jornalnovametropole.com.br\/wp\/wp-json\/wp\/v2\/comments?post=228"}],"version-history":[{"count":1,"href":"https:\/\/jornalnovametropole.com.br\/wp\/wp-json\/wp\/v2\/posts\/228\/revisions"}],"predecessor-version":[{"id":231,"href":"https:\/\/jornalnovametropole.com.br\/wp\/wp-json\/wp\/v2\/posts\/228\/revisions\/231"}],"wp:featuredmedia":[{"embeddable":true,"href":"https:\/\/jornalnovametropole.com.br\/wp\/wp-json\/wp\/v2\/media\/229"}],"wp:attachment":[{"href":"https:\/\/jornalnovametropole.com.br\/wp\/wp-json\/wp\/v2\/media?parent=228"}],"wp:term":[{"taxonomy":"category","embeddable":true,"href":"https:\/\/jornalnovametropole.com.br\/wp\/wp-json\/wp\/v2\/categories?post=228"},{"taxonomy":"post_tag","embeddable":true,"href":"https:\/\/jornalnovametropole.com.br\/wp\/wp-json\/wp\/v2\/tags?post=228"}],"curies":[{"name":"wp","href":"https:\/\/api.w.org\/{rel}","templated":true}]}}