{"id":22762,"date":"2019-03-22T12:55:29","date_gmt":"2019-03-22T12:55:29","guid":{"rendered":"http:\/\/jornalnovametropole.com.br\/wp\/?p=22762"},"modified":"2019-03-22T16:43:03","modified_gmt":"2019-03-22T16:43:03","slug":"espetaculos-de-danca-humor-e-musica-no-centro-cultural-piano","status":"publish","type":"post","link":"https:\/\/jornalnovametropole.com.br\/wp\/espetaculos-de-danca-humor-e-musica-no-centro-cultural-piano\/","title":{"rendered":"Espet\u00e1culos de dan\u00e7a, humor e m\u00fasica no Centro Cultural \u2018Piano\u2019"},"content":{"rendered":"<h3><img loading=\"lazy\" class=\"alignnone size-full wp-image-22763\" src=\"http:\/\/jornalnovametropole.com.br\/wp\/wp-content\/uploads\/2019\/03\/11-Centro-Cultural-1.jpg\" alt=\"\" width=\"900\" height=\"386\" srcset=\"https:\/\/jornalnovametropole.com.br\/wp\/wp-content\/uploads\/2019\/03\/11-Centro-Cultural-1.jpg 900w, https:\/\/jornalnovametropole.com.br\/wp\/wp-content\/uploads\/2019\/03\/11-Centro-Cultural-1-300x129.jpg 300w, https:\/\/jornalnovametropole.com.br\/wp\/wp-content\/uploads\/2019\/03\/11-Centro-Cultural-1-768x329.jpg 768w\" sizes=\"(max-width: 900px) 100vw, 900px\" \/><\/h3>\n<h3><strong>Atra\u00e7\u00f5es s\u00e3o todas gratuitas e acontecem no final deste m\u00eas<\/strong><\/h3>\n<p>A Prefeitura de Indaiatuba promove tr\u00eas espet\u00e1culos mais que especiais no Centro Cultural Hermenegildo Pinto, o \u2018Piano\u2019, no final deste m\u00eas, com atra\u00e7\u00f5es gratuitas para todas as faixas et\u00e1rias envolvendo dan\u00e7a, humor e m\u00fasica. A primeira delas ser\u00e1 a Gala de Dan\u00e7a amanh\u00e3, dia 23, e domingo, dia 24, o palha\u00e7o Koringa apresenta o \u2018Brincando de M\u00fasica\u2019 \u00e0s 17h. J\u00e1 na quinta-feira, dia 28, haver\u00e1 a apresenta\u00e7\u00e3o do grupo instrumental Caravela Latin Jazz \u00e0s 20h. Todos os eventos s\u00e3o gratuitos e a entrada acontece por ordem de chegada. Confira:<\/p>\n<p><strong>GALA DE DAN\u00c7A<\/strong><br \/>\nAs alunas das oficinas culturais de bal\u00e9 e jazz da Secretaria de Cultura v\u00e3o se apresentar no Gala de Dan\u00e7a, que acontece no s\u00e1bado, dia 23, \u00e0s 20h, al\u00e9m de bailarinos profissionais convidados para o espet\u00e1culo. A professora Dani Candello preparou seis coreografias de bal\u00e9 com a participa\u00e7\u00e3o de alunas de v\u00e1rias turmas das oficinas realizadas no Centro Cultural Hermenegildo Pinto. J\u00e1 a professora Dani Ianes, al\u00e9m de mostrar as coreografias que criou para as alunas de Jazz, tamb\u00e9m vai estrear tr\u00eas coreografias criadas e dan\u00e7adas por alunas de suas oficinas. E a professora Priscila Carotti preparou duas coreografias, uma com o grupo do Jazz infanto-juvenil e outra com o grupo do Bal\u00e9 infantil, com alunos das oficinas do \u2018Piano\u2019.<\/p>\n<p><strong>BRINCANDO DE\u00a0M\u00daSICA<\/strong><br \/>\nNo domingo, dia 24, \u00e0s 17h acontece o espet\u00e1culo infantil \u2018Brincando de M\u00fasica\u2019, cujo personagem principal \u00e9 o Bobo da Corte \u2018Koringa\u2019 que, por meio de artes integradas, prop\u00f5e um espet\u00e1culo de magia, circo, m\u00fasica e intera\u00e7\u00e3o com o p\u00fablico, explorando a comicidade do palha\u00e7o. A pe\u00e7a tem um estilo pr\u00f3prio dentro da chamada \u2018m\u00fasica infantil\u2019, passando por diversas influ\u00eancias, indo da cultura popular ao samba, do bai\u00e3o ao rock, com o objetivo de despertar o imagin\u00e1rio das crian\u00e7as, por meio da m\u00fasica e brincadeiras circenses.<br \/>\nO criador do espet\u00e1culo \u00e9 o pr\u00f3prio \u2018Koringa\u2019 (Hilton Rufino) e conta com as participa\u00e7\u00f5es de Rafael Toledo, no baixo, Juninho Andrade na bateria, Kiko Mota na Guitarra e Andrelino JS nos Teclados. O show ainda apresentar\u00e1 composi\u00e7\u00f5es do primeiro CD do \u2018Koringa\u2019.<\/p>\n<p><strong>CARAVELA LATIN JAZZ<\/strong><br \/>\nO grupo instrumental Caravela Latin Jazz, formado por renomados m\u00fasicos de Campinas e Regi\u00e3o se apresenta no Centro Cultural Hermenegildo Pinto (Piano) na quinta-feira, dia 28, \u00e0s 20h. Trata-se de um noneto com um repert\u00f3rio desafiador, no limiar entre o jazz virtuoso e o latino dan\u00e7ante.<br \/>\nO grupo traz ao p\u00fablico composi\u00e7\u00f5es de grandes nomes do Latin Jazz como Michael Philip Mossman, Paquito d\u2019Rivera, Ray Barreto, Moacir Santos e arranjos inspirados nos ritmos latinos como salsa, mambo, samba e bai\u00e3o. O Caravela Latin Jazz \u00e9 apresentado pelos m\u00fasicos Bruno Cabral (sax tenor), Ronaldo Marquetti (sax alto), Tadeu Bisachi (sax bar\u00edtono), Henrique Manchuria (trompete), Felipe Coelho (trombone), Caio Cario (piano), Theo Fraga (baixo), Alessandro Reiner (percuss\u00e3o) e Denis Miranda (bateria).<\/p>\n","protected":false},"excerpt":{"rendered":"<p>Atra\u00e7\u00f5es s\u00e3o todas gratuitas e acontecem no final deste m\u00eas A Prefeitura de Indaiatuba promove tr\u00eas espet\u00e1culos mais que especiais<\/p>\n","protected":false},"author":3,"featured_media":22763,"comment_status":"open","ping_status":"open","sticky":false,"template":"","format":"standard","meta":[],"categories":[3000,5],"tags":[4441,4442],"_links":{"self":[{"href":"https:\/\/jornalnovametropole.com.br\/wp\/wp-json\/wp\/v2\/posts\/22762"}],"collection":[{"href":"https:\/\/jornalnovametropole.com.br\/wp\/wp-json\/wp\/v2\/posts"}],"about":[{"href":"https:\/\/jornalnovametropole.com.br\/wp\/wp-json\/wp\/v2\/types\/post"}],"author":[{"embeddable":true,"href":"https:\/\/jornalnovametropole.com.br\/wp\/wp-json\/wp\/v2\/users\/3"}],"replies":[{"embeddable":true,"href":"https:\/\/jornalnovametropole.com.br\/wp\/wp-json\/wp\/v2\/comments?post=22762"}],"version-history":[{"count":1,"href":"https:\/\/jornalnovametropole.com.br\/wp\/wp-json\/wp\/v2\/posts\/22762\/revisions"}],"predecessor-version":[{"id":22764,"href":"https:\/\/jornalnovametropole.com.br\/wp\/wp-json\/wp\/v2\/posts\/22762\/revisions\/22764"}],"wp:featuredmedia":[{"embeddable":true,"href":"https:\/\/jornalnovametropole.com.br\/wp\/wp-json\/wp\/v2\/media\/22763"}],"wp:attachment":[{"href":"https:\/\/jornalnovametropole.com.br\/wp\/wp-json\/wp\/v2\/media?parent=22762"}],"wp:term":[{"taxonomy":"category","embeddable":true,"href":"https:\/\/jornalnovametropole.com.br\/wp\/wp-json\/wp\/v2\/categories?post=22762"},{"taxonomy":"post_tag","embeddable":true,"href":"https:\/\/jornalnovametropole.com.br\/wp\/wp-json\/wp\/v2\/tags?post=22762"}],"curies":[{"name":"wp","href":"https:\/\/api.w.org\/{rel}","templated":true}]}}