{"id":22680,"date":"2019-03-18T14:26:08","date_gmt":"2019-03-18T14:26:08","guid":{"rendered":"http:\/\/jornalnovametropole.com.br\/wp\/?p=22680"},"modified":"2019-03-18T14:30:51","modified_gmt":"2019-03-18T14:30:51","slug":"rodeio-de-indaiatuba-divulga-grade-completa-de-shows","status":"publish","type":"post","link":"https:\/\/jornalnovametropole.com.br\/wp\/rodeio-de-indaiatuba-divulga-grade-completa-de-shows\/","title":{"rendered":"Rodeio de Indaiatuba divulga grade completa de shows"},"content":{"rendered":"<p><strong>FAICI 2019 acontece de 2 a 10 de agosto com apresenta\u00e7\u00f5es de Dennis DJ, Z\u00e9 Neto &amp; Cristiano e Mar\u00edlia Mendon\u00e7a<\/strong><\/p>\n<p>Muitos artistas de renome nacional j\u00e1 est\u00e3o confirmados para a FAICI 2019. A Feira Agropecu\u00e1ria, Industrial e Comercial de Indaiatuba acontece de 2 a 10 de agosto com uma programa\u00e7\u00e3o empolgante de provas de rodeio e shows com Z\u00e9 Neto &amp; Cristiano, Roby &amp; Thiago, Mar\u00edlia Mendon\u00e7a, Marcio &amp; Douglas, Diego &amp; Victor Hugo, Jill Reis, Gusttavo Lima, Dennis DJ e os embaixadores da Festa, Fernando &amp; Sorocaba. Os ingressos j\u00e1 podem ser adquiridos online ou em pontos de venda f\u00edsicos em Indaiatuba e regi\u00e3o.<\/p>\n<p>A edi\u00e7\u00e3o 2019 ter\u00e1 toda a infraestrutura que encantou o p\u00fablico no ano passado com a apresenta\u00e7\u00e3o da nova localiza\u00e7\u00e3o: um recinto com \u00e1rea de 120 mil m\u00b2. Entre as atra\u00e7\u00f5es o pavilh\u00e3o com exposi\u00e7\u00f5es agropecu\u00e1rias, al\u00e9m de espa\u00e7os j\u00e1 conhecidos como o Parque do Pe\u00e3ozinho e a pra\u00e7a de alimenta\u00e7\u00e3o totalmente coberta e com grande variedade de op\u00e7\u00f5es gastron\u00f4micas. O tradicional Bail\u00e3o tamb\u00e9m estar\u00e1 na programa\u00e7\u00e3o da FAICI 2019 como uma alternativa para o p\u00fablico aproveitar o evento, mesmo depois do t\u00e9rmino do show principal. Na arena, as competi\u00e7\u00f5es do rodeio prometem elevar a adrenalina com montarias em touros e cavalos, al\u00e9m da empolgante disputa da prova dos tr\u00eas tambores. A cerveja oficial da FAICI 2019 \u00e9 Imp\u00e9rio.<\/p>\n<p><strong>AGENDA<\/strong><br \/>\nA programa\u00e7\u00e3o da FAICI 2019 come\u00e7a na sexta-feira, 2 de agosto, com a dupla Z\u00e9 Neto &amp; Cristiano que estreou no palco da Festa no ano passado e foi sin\u00f4nimo de sucesso. No s\u00e1bado, 3, a anima\u00e7\u00e3o se inicia com Roby &amp; Thiago, que depois d\u00e3o espa\u00e7o para a goiana Mar\u00edlia Mendon\u00e7a subir ao palco e cantar em coro com o p\u00fablico sucessos como Ciumeira e Bebi, liguei.<\/p>\n<p>Os shows da segunda semana come\u00e7am na quinta-feira, 8, com Marcio &amp; Douglas seguido pela apresenta\u00e7\u00e3o da dupla Diego &amp; Victor Hugo com um repert\u00f3rio de m\u00fasicas como O Alvo e Infarto. J\u00e1 na sexta-feira da Fox Rodas, 9, o show come\u00e7a com o baiano Jill Reis e toda sua musicalidade, seguido do mineiro Gusttavo Lima. Para fechar a edi\u00e7\u00e3o 2019, no s\u00e1bado, 10, os sucessos dos embaixadores da FAICI, Fernando &amp; Sorocaba, ser\u00e3o parte da programa\u00e7\u00e3o que tamb\u00e9m ter\u00e1 a apresenta\u00e7\u00e3o do Dennis DJ e hits como Agora \u00e9 tudo meu, em parceria com Mc Kevinho, e Ningu\u00e9m conta pra ningu\u00e9m, em parceira com Mc Livinho.<\/p>\n<p><strong>RAINHA FAICI 2019<\/strong><br \/>\nO per\u00edodo de inscri\u00e7\u00f5es para o Concurso Rainha FAICI 2019 se encerra no dia 29 deste m\u00eas. O formul\u00e1rio deve ser preenchido exclusivamente pelo site www.faici.com. A taxa de inscri\u00e7\u00e3o ser\u00e1 de R$50. Como no ano passado, ser\u00e3o eleitas Madrinha, Princesa e Rainha da Festa, que representar\u00e3o um dos eventos mais tradicionais de Indaiatuba.<\/p>\n<p>Para participar, a candidata precisa ter entre 18 e 35 anos, ser residente na cidade de Indaiatuba, disponibilidade para promover a FAICI 2019 em toda regi\u00e3o e n\u00e3o ter recebido nenhum t\u00edtulo em edi\u00e7\u00f5es anteriores do concurso. Segundo os organizadores, \u00c9der Farias e Junior Grotto, esta edi\u00e7\u00e3o ter\u00e1 seletivas classificat\u00f3rias, uma delas aberta ao p\u00fablico, e a grande final na primeira noite da FAICI 2019.<\/p>\n<p>A escolha ser\u00e1 definida por notas dadas por um corpo de jurados que avaliar\u00e1 quesitos como beleza, desenvoltura e simpatia. A data e o local das seletivas, al\u00e9m dos pr\u00eamios das escolhidas, ser\u00e3o divulgados em breve.<\/p>\n<p><strong>INGRESSOS E CAMAROTES<\/strong><br \/>\nA FAICI 2019 ter\u00e1 camarotes para 10, 15 e 20 pessoas, sendo que camarotes para 10 pessoas custam R$ 5 mil e R$ 6 mil, dependendo da localiza\u00e7\u00e3o; para 15 pessoas, R$ 7 mil e para 20 pessoas R$ 12 mil. Os valores s\u00e3o v\u00e1lidos para os cinco dias de festa.<\/p>\n<p>A \u00c1rea VIP, localizada entre o palco e a arena, o que garante uma vis\u00e3o privilegiada dos artistas no momento do show principal, como em 2018 ser\u00e1 dividida: um lado exclusivo para os visitantes que escolherem aproveitar a FAICI no camarote Super Premium e o outro lado exclusivo para visitantes do Camarote Infinity Prime.<\/p>\n<p>No Infinity Prime o sistema all inclusive contar\u00e1 com diversas op\u00e7\u00f5es gastron\u00f4micas, al\u00e9m de \u00e1gua, refrigerante e chope. Nessa \u00e1rea haver\u00e1 uma equipe especializada na customiza\u00e7\u00e3o de camisetas do camarote, de uso obrigat\u00f3rio, e um espa\u00e7o de beleza com profissionais \u00e0 disposi\u00e7\u00e3o. Ap\u00f3s o show principal o lounge do camarote receber\u00e1 uma atra\u00e7\u00e3o especial a cada noite.<\/p>\n<p>J\u00e1 o Camarote Super Premium, que conta com entrada e estacionamento exclusivos, \u00e9 composto por mini camarotes com capacidade para 10 pessoas. O ambiente incluir\u00e1 servi\u00e7o diferenciado e atra\u00e7\u00f5es todas as noites, logo ap\u00f3s o show principal. A programa\u00e7\u00e3o completa ser\u00e1 divulgada nas redes sociais da Festa.<\/p>\n<p>E para quem quer curtir os shows na arena, o valor do 1\u00ba lote da Pista \u00e9 de R$ 40. E o Passaporte FAICI, que d\u00e1 acesso ao setor Pista para os cinco dias de Festa, custa R$ 150, cada noite sai por R$30. Assim como nos anos anteriores, a estrutura da FAICI incluir\u00e1 pra\u00e7a de alimenta\u00e7\u00e3o e arquibancada cobertas, monitoramento por c\u00e2meras em todo o recinto e equipe de seguran\u00e7a especializada.<\/p>\n<p>A FAICI 2019 conta com patroc\u00ednio de Imp\u00e9rio Cervejaria, GoodBom Supermercados, Hot Flowers Produtos Sensuais, Brasa Burguers, Croissant &amp; Cia, Autoprinter, Aki Tem Barato, Azza Internet e Telefone, Fox Rodas, Grupo Valentina Caran, Piragelo, Rede P5, Star Country, Lojas Cris Bandeira, Travel Inn Wise Indaiatuba, e al\u00e9m disso conta com a parceria de Agito Indaiatuba, Gr\u00e1fica Marracini, Indavideo Produ\u00e7\u00f5es, MCW Studio, Pindukas, Lance Comunica\u00e7\u00e3o, e apoio da Prefeitura de Indaiatuba.<\/p>\n<p>Para mais informa\u00e7\u00f5es e reservas de camarotes e cotas de patroc\u00ednio, os interessados devem entrar em contato pelo e-mail marketing@faici.com. J\u00e1 os ingressos poder\u00e3o ser adquiridos no site Al\u00f4 Ingressos ou nos pontos de venda f\u00edsicos em Indaiatuba e regi\u00e3o listados no site oficial da FAICI. Mais informa\u00e7\u00f5es no (19) 3264 0936, de segunda a sexta-feira, das 9h \u00e0s 18h, ou www.faici.com.<\/p>\n<p><strong>LINKS<\/strong><br \/>\nZ\u00e9 Neto &amp; Cristiano<br \/>\nCanal YouTube: https:\/\/www.youtube.com\/user\/zncoficial<br \/>\nRoby &amp; Thiago<br \/>\nCanal Youtube: https:\/\/www.youtube.com\/channel\/UCjZXjrxeStsJpx7xWlJqrRQ<br \/>\nMar\u00edlia Mendon\u00e7a<br \/>\nCanal YouTube: https:\/\/www.youtube.com\/mariliamendoncareal<br \/>\nMarcio &amp; Douglas<br \/>\nCanal YouTube: https:\/\/www.youtube.com\/channel\/UCmTusz1sfLaYUbaivPszBGA<br \/>\nDiego &amp; Victor Hugo<br \/>\nCanal YouTube: https:\/\/www.youtube.com\/channel\/UCJZMKO4pCeNf8jVifCGxFjw<br \/>\nJill Reis<br \/>\nCanal YouTube: https:\/\/www.youtube.com\/channel\/UC47sWEkdEPx4nsdHrTSU62Q<br \/>\nGusttavo Lima<br \/>\nCanal YouTube: https:\/\/www.youtube.com\/user\/gusttavolimaoficial<br \/>\nFernando &amp; Sorocaba<br \/>\nCanal YouTube: https:\/\/www.youtube.com\/channel\/UCRkYVEDbFcX8ZE-Bxk28bYw<br \/>\nDennis DJ<br \/>\nCanal YouTube: https:\/\/www.youtube.com\/channel\/UCrPMM16a2XymtrPJwFW4kAQ<\/p>\n<p>PONTOS DE VENDA<br \/>\nhttp:\/\/www.faici.com\/ingressos<\/p>\n<p>Site: www.faici.com | Facebook: FaiciOficial | Instagram: faicioficial<\/p>\n","protected":false},"excerpt":{"rendered":"<p>FAICI 2019 acontece de 2 a 10 de agosto com apresenta\u00e7\u00f5es de Dennis DJ, Z\u00e9 Neto &amp; Cristiano e Mar\u00edlia<\/p>\n","protected":false},"author":3,"featured_media":22681,"comment_status":"open","ping_status":"open","sticky":false,"template":"","format":"standard","meta":[],"categories":[3,5],"tags":[],"_links":{"self":[{"href":"https:\/\/jornalnovametropole.com.br\/wp\/wp-json\/wp\/v2\/posts\/22680"}],"collection":[{"href":"https:\/\/jornalnovametropole.com.br\/wp\/wp-json\/wp\/v2\/posts"}],"about":[{"href":"https:\/\/jornalnovametropole.com.br\/wp\/wp-json\/wp\/v2\/types\/post"}],"author":[{"embeddable":true,"href":"https:\/\/jornalnovametropole.com.br\/wp\/wp-json\/wp\/v2\/users\/3"}],"replies":[{"embeddable":true,"href":"https:\/\/jornalnovametropole.com.br\/wp\/wp-json\/wp\/v2\/comments?post=22680"}],"version-history":[{"count":2,"href":"https:\/\/jornalnovametropole.com.br\/wp\/wp-json\/wp\/v2\/posts\/22680\/revisions"}],"predecessor-version":[{"id":22683,"href":"https:\/\/jornalnovametropole.com.br\/wp\/wp-json\/wp\/v2\/posts\/22680\/revisions\/22683"}],"wp:featuredmedia":[{"embeddable":true,"href":"https:\/\/jornalnovametropole.com.br\/wp\/wp-json\/wp\/v2\/media\/22681"}],"wp:attachment":[{"href":"https:\/\/jornalnovametropole.com.br\/wp\/wp-json\/wp\/v2\/media?parent=22680"}],"wp:term":[{"taxonomy":"category","embeddable":true,"href":"https:\/\/jornalnovametropole.com.br\/wp\/wp-json\/wp\/v2\/categories?post=22680"},{"taxonomy":"post_tag","embeddable":true,"href":"https:\/\/jornalnovametropole.com.br\/wp\/wp-json\/wp\/v2\/tags?post=22680"}],"curies":[{"name":"wp","href":"https:\/\/api.w.org\/{rel}","templated":true}]}}