{"id":22489,"date":"2019-02-22T09:50:46","date_gmt":"2019-02-22T09:50:46","guid":{"rendered":"http:\/\/jornalnovametropole.com.br\/wp\/?p=22489"},"modified":"2019-02-22T16:53:20","modified_gmt":"2019-02-22T16:53:20","slug":"copas-de-futebol-society-do-indaiatuba-clube-comecam-dia-10-de-marco","status":"publish","type":"post","link":"https:\/\/jornalnovametropole.com.br\/wp\/copas-de-futebol-society-do-indaiatuba-clube-comecam-dia-10-de-marco\/","title":{"rendered":"Copas de Futebol Society do Indaiatuba Clube come\u00e7am dia 10 de mar\u00e7o"},"content":{"rendered":"<h3><img loading=\"lazy\" class=\"alignnone size-full wp-image-22454\" src=\"http:\/\/jornalnovametropole.com.br\/wp\/wp-content\/uploads\/2019\/02\/08-Campe\u00e3o-do-ano-passado-o-Vizzent-Cal\u00e7ados-estreou-em-2019-com-o-t\u00edtulo-do-Torneio-In\u00edcio-dos-Veteranos.jpg\" alt=\"\" width=\"900\" height=\"596\" srcset=\"https:\/\/jornalnovametropole.com.br\/wp\/wp-content\/uploads\/2019\/02\/08-Campe\u00e3o-do-ano-passado-o-Vizzent-Cal\u00e7ados-estreou-em-2019-com-o-t\u00edtulo-do-Torneio-In\u00edcio-dos-Veteranos.jpg 900w, https:\/\/jornalnovametropole.com.br\/wp\/wp-content\/uploads\/2019\/02\/08-Campe\u00e3o-do-ano-passado-o-Vizzent-Cal\u00e7ados-estreou-em-2019-com-o-t\u00edtulo-do-Torneio-In\u00edcio-dos-Veteranos-300x199.jpg 300w, https:\/\/jornalnovametropole.com.br\/wp\/wp-content\/uploads\/2019\/02\/08-Campe\u00e3o-do-ano-passado-o-Vizzent-Cal\u00e7ados-estreou-em-2019-com-o-t\u00edtulo-do-Torneio-In\u00edcio-dos-Veteranos-768x509.jpg 768w\" sizes=\"(max-width: 900px) 100vw, 900px\" \/><\/h3>\n<h3><strong>Competi\u00e7\u00f5es ser\u00e3o disputadas em dois turnos com jogos aos domingos e quintas-feiras<\/strong><\/h3>\n<p>Com mais de 200 associados inscritos, as duas copas de futebol society realizadas pelo Indaiatuba Clube voltam a ser disputadas a partir do dia 10 de mar\u00e7o, quando ser\u00e3o realizados os tr\u00eas primeiros jogos da Copa Col\u00e9gio Polo de Futebol Society \u2013 Categoria Adultos e da Copa Restaurante Verona\/Esquadro Topografias de Futebol Society \u2013 Categoria Veteranos.<br \/>\nNa abertura, \u00e0s 7h45, pelos Veteranos, o Brasiltex encara o time da Orthopride. Logo depois, em partida agendada para come\u00e7ar \u00e0s 9h10, o atual campe\u00e3o Vizzent Cal\u00e7ados estreia contra o JR Celulares.\u00a0O primeiro jogo de 2019 dos Adultos est\u00e1 agendado para as 10h15, quando o atual campe\u00e3o, DF Engenharia enfrenta o Reduzino\/Naturalle.<\/p>\n<p><em><strong>In\u00edcio<\/strong><\/em><br \/>\nPara que os associados pudessem aumentar o entrosamento dentro de campo, a Secretaria de Esportes realizou nos dias 14 e 17 de fevereiro, o Torneio In\u00edcio das duas categorias.\u00a0Em jogos de 15 minutos e decis\u00e3o por p\u00eanaltis em caso de empate, as equipes entraram em campo sem os uniformes que ser\u00e3o usados nas competi\u00e7\u00f5es.<br \/>\nDepois de eliminarem tr\u00eas advers\u00e1rios, as equipes do Vizzent Cal\u00e7ados (Veteranos) e Priority Solutions (Adultos), garantiram os primeiros trof\u00e9us do ano no IC.<\/p>\n<p><em><strong>Times<\/strong><\/em><br \/>\nNeste ano, participam da Copa Col\u00e9gio Polo os times da Brasa Burguer, Grupo Balilla, Fisk, Col\u00e9gio Polo, Padaria L\u00edder, Priority Solutions, DF Engenharia e Reduzino\/Naturalle. O t\u00edtulo da Copa Restaurante Verona\/Esquadro Topografias ser\u00e1 disputado entre as equipes do Brasiltex, Orthopride, Vizzent Cal\u00e7ados, JR Celulares, Jornal Exemplo, J.Ferres, Top Racing, Esquadro Topografias e Multifer.<br \/>\nA \u00faltima rodada do primeiro turno acontece no dia 6 de Junho, enquanto o segundo turno deve terminar no dia 20 de outubro.<\/p>\n","protected":false},"excerpt":{"rendered":"<p>Competi\u00e7\u00f5es ser\u00e3o disputadas em dois turnos com jogos aos domingos e quintas-feiras Com mais de 200 associados inscritos, as duas<\/p>\n","protected":false},"author":3,"featured_media":22454,"comment_status":"open","ping_status":"open","sticky":false,"template":"","format":"standard","meta":[],"categories":[4],"tags":[4383],"_links":{"self":[{"href":"https:\/\/jornalnovametropole.com.br\/wp\/wp-json\/wp\/v2\/posts\/22489"}],"collection":[{"href":"https:\/\/jornalnovametropole.com.br\/wp\/wp-json\/wp\/v2\/posts"}],"about":[{"href":"https:\/\/jornalnovametropole.com.br\/wp\/wp-json\/wp\/v2\/types\/post"}],"author":[{"embeddable":true,"href":"https:\/\/jornalnovametropole.com.br\/wp\/wp-json\/wp\/v2\/users\/3"}],"replies":[{"embeddable":true,"href":"https:\/\/jornalnovametropole.com.br\/wp\/wp-json\/wp\/v2\/comments?post=22489"}],"version-history":[{"count":1,"href":"https:\/\/jornalnovametropole.com.br\/wp\/wp-json\/wp\/v2\/posts\/22489\/revisions"}],"predecessor-version":[{"id":22491,"href":"https:\/\/jornalnovametropole.com.br\/wp\/wp-json\/wp\/v2\/posts\/22489\/revisions\/22491"}],"wp:featuredmedia":[{"embeddable":true,"href":"https:\/\/jornalnovametropole.com.br\/wp\/wp-json\/wp\/v2\/media\/22454"}],"wp:attachment":[{"href":"https:\/\/jornalnovametropole.com.br\/wp\/wp-json\/wp\/v2\/media?parent=22489"}],"wp:term":[{"taxonomy":"category","embeddable":true,"href":"https:\/\/jornalnovametropole.com.br\/wp\/wp-json\/wp\/v2\/categories?post=22489"},{"taxonomy":"post_tag","embeddable":true,"href":"https:\/\/jornalnovametropole.com.br\/wp\/wp-json\/wp\/v2\/tags?post=22489"}],"curies":[{"name":"wp","href":"https:\/\/api.w.org\/{rel}","templated":true}]}}