{"id":22440,"date":"2019-02-15T17:04:31","date_gmt":"2019-02-15T17:04:31","guid":{"rendered":"http:\/\/jornalnovametropole.com.br\/wp\/?p=22440"},"modified":"2019-02-15T17:04:31","modified_gmt":"2019-02-15T17:04:31","slug":"inauguram-a-uti-pediatrica-no-dia-22","status":"publish","type":"post","link":"https:\/\/jornalnovametropole.com.br\/wp\/inauguram-a-uti-pediatrica-no-dia-22\/","title":{"rendered":"Inauguram a UTI Pedi\u00e1trica no dia 22"},"content":{"rendered":"<p><strong>Faz parte do plano de governo do prefeito Nilson Gaspar a Unidade de Terapia Intensiva Pedi\u00e1trica<\/strong><\/p>\n<p>A Prefeitura de Indaiatuba por meio da Secretaria de Sa\u00fade e o Haoc (Hospital Augusto de Oliveira Camargo) inauguram na sexta-feira, dia 22, \u00e0s 10h a nova UTI (Unidade de Terapia Intensiva) Pedi\u00e1trica. Dentre as 42 cidades que comp\u00f5em a DRS VII (Departamento Regional de Sa\u00fade de Campinas) Indaiatuba \u00e9 a 5\u00aa cidade com UTI Pedi\u00e1trica. A inaugura\u00e7\u00e3o do espa\u00e7o faz parte do Plano de Governo do Prefeito Nilson Gaspar (MDB) e entrar\u00e1 em funcionamento no in\u00edcio de mar\u00e7o. Atualmente o local est\u00e1 passando pelos \u00faltimos detalhes do acabamento e receber\u00e1 os equipamentos nos pr\u00f3ximos dias.<br \/>\nA Lei n\u00ba 7.083 de 14 de dezembro de 2018 de autoria do Executivo e aprovada pela C\u00e2mara Municipal autoriza o repasse de recursos financeiros para a Funda\u00e7\u00e3o Leonor de Barros Camargo de at\u00e9 R$ 441.633,11 destinados exclusivamente \u00e0 aquisi\u00e7\u00e3o de equipamentos e mobili\u00e1rios para a UTI Pedi\u00e1trica. \u201cN\u00f3s estamos cumprindo com mais um compromisso do nosso Plano de Governo e ampliando os Servi\u00e7os de Sa\u00fade no Munic\u00edpio.<br \/>\nO objetivo \u00e9 sempre promover a\u00e7\u00f5es em benef\u00edcio de nossa popula\u00e7\u00e3o e a Sa\u00fade \u00e9 uma das dessas prioridades. Ainda esse ano vamos inaugurar novas Unidades de Sa\u00fade para oferecer ainda mais qualidade no atendimento da nossa popula\u00e7\u00e3o\u201d, ressalta Gaspar.<br \/>\nA UTI Pedi\u00e1trica ter\u00e1 o nome de Adelina Giacomini Cavriani, que ser\u00e1 homenageada pelos seus 43 anos de trabalho dentro da parte Pedi\u00e1trica do Haoc como atendente de enfermagem. O local tem capacidade para tr\u00eas leitos destinados \u00e0s crian\u00e7as. A UTI Pedi\u00e1trica conta com todo equipamento para pleno funcionamento e mais um m\u00e9dico 24h; um enfermeiro 24h; tr\u00eas t\u00e9cnicos de enfermagem 24h e dois fisioterapeutas 24h.<\/p>\n","protected":false},"excerpt":{"rendered":"<p>Faz parte do plano de governo do prefeito Nilson Gaspar a Unidade de Terapia Intensiva Pedi\u00e1trica A Prefeitura de Indaiatuba<\/p>\n","protected":false},"author":3,"featured_media":22441,"comment_status":"open","ping_status":"open","sticky":false,"template":"","format":"standard","meta":[],"categories":[3],"tags":[],"_links":{"self":[{"href":"https:\/\/jornalnovametropole.com.br\/wp\/wp-json\/wp\/v2\/posts\/22440"}],"collection":[{"href":"https:\/\/jornalnovametropole.com.br\/wp\/wp-json\/wp\/v2\/posts"}],"about":[{"href":"https:\/\/jornalnovametropole.com.br\/wp\/wp-json\/wp\/v2\/types\/post"}],"author":[{"embeddable":true,"href":"https:\/\/jornalnovametropole.com.br\/wp\/wp-json\/wp\/v2\/users\/3"}],"replies":[{"embeddable":true,"href":"https:\/\/jornalnovametropole.com.br\/wp\/wp-json\/wp\/v2\/comments?post=22440"}],"version-history":[{"count":1,"href":"https:\/\/jornalnovametropole.com.br\/wp\/wp-json\/wp\/v2\/posts\/22440\/revisions"}],"predecessor-version":[{"id":22442,"href":"https:\/\/jornalnovametropole.com.br\/wp\/wp-json\/wp\/v2\/posts\/22440\/revisions\/22442"}],"wp:featuredmedia":[{"embeddable":true,"href":"https:\/\/jornalnovametropole.com.br\/wp\/wp-json\/wp\/v2\/media\/22441"}],"wp:attachment":[{"href":"https:\/\/jornalnovametropole.com.br\/wp\/wp-json\/wp\/v2\/media?parent=22440"}],"wp:term":[{"taxonomy":"category","embeddable":true,"href":"https:\/\/jornalnovametropole.com.br\/wp\/wp-json\/wp\/v2\/categories?post=22440"},{"taxonomy":"post_tag","embeddable":true,"href":"https:\/\/jornalnovametropole.com.br\/wp\/wp-json\/wp\/v2\/tags?post=22440"}],"curies":[{"name":"wp","href":"https:\/\/api.w.org\/{rel}","templated":true}]}}